{"id":1785,"date":"2010-12-07T21:14:54","date_gmt":"2010-12-07T19:14:54","guid":{"rendered":"http:\/\/mmmblog.de\/wp\/?p=1785"},"modified":"2013-11-15T09:17:11","modified_gmt":"2013-11-15T07:17:11","slug":"prioritaten","status":"publish","type":"post","link":"https:\/\/mmmblog.de\/?p=1785","title":{"rendered":"Priorit\u00e4ten"},"content":{"rendered":"<p>In Mathematik bin ich ein Versager. Da k\u00f6nnt ihr gerne meinen alten Mathematiklehrer fragen (wenn er denn noch lebt), der es geschafft hat, mich im m\u00fcndlichen Abi von Ungen\u00fcgend auf Mangelhaft zu pr\u00fcfen. Aber eines habe ich als Wirtschaftsredakteur gelernt: Zahlen zu merken und Gr\u00f6\u00dfenordnungen einzusch\u00e4tzen. Und nun h\u00f6re ich im Westdeutschen Rundfunk, die Stadt Duisburg habe an die Opfer der Love-Parade 500 000 Euro bezahlt. Dabei stammt dieses Geld nicht von der Stadt Duisburg, sondern aus einem anderen Topf, dessen Ursprung unklar bleibt. Mithin: Duisburg hat nichts an die Opfer bezahlt. Aber sie hat Kosten gehabt, weil sie diverse Anwaltskanzleien beauftragt hat, die sie von aller Schuld befreien sollten. So sind gut 1000 Anwaltsstunden zusammengekommen, macht bei einem Stundensatz von 350 Euro (sic! Ich habe den falschen Beruf gew\u00e4hlt!) 357 000 Euro. Weil der Staatsanwalt diverse st\u00e4dtische Mitarbeiter befragt hat, und die nat\u00fcrlich (schon wegen der F\u00fcrsorgepflicht!) anwaltlichen Beistand brauchten, der mit jeweils 2000 Euro pro Befragung berechnet wurde, sind noch einmal 101 000 Euro an Kosten zustandegekommen. <\/p>\n<p>Halten wir fest: Die Stadt Duisburg hat nichts an die Opfer der Love-Parade gezahlt. Aber 458 000 Euro bezahlt, um sich von aller Schuld reinzuwaschen. Gro\u00dfartig. Man muss eben Priorit\u00e4ten setzen.<\/p>\n","protected":false},"excerpt":{"rendered":"<p>In Mathematik bin ich ein Versager. Da k\u00f6nnt ihr gerne meinen alten Mathematiklehrer fragen (wenn er denn noch lebt), der es geschafft hat, mich im m\u00fcndlichen Abi von Ungen\u00fcgend auf Mangelhaft zu pr\u00fcfen. Aber eines habe ich als Wirtschaftsredakteur gelernt: Zahlen zu merken und Gr\u00f6\u00dfenordnungen einzusch\u00e4tzen. Und nun h\u00f6re ich im Westdeutschen Rundfunk, die Stadt&hellip; <a class=\"more-link\" href=\"https:\/\/mmmblog.de\/?p=1785\">Continue reading &rarr;<\/a><\/p>\n","protected":false},"author":2,"featured_media":0,"comment_status":"closed","ping_status":"closed","sticky":false,"template":"","format":"standard","meta":{"advanced_seo_description":"","jetpack_seo_html_title":"","jetpack_seo_noindex":false,"jetpack_post_was_ever_published":false,"_jetpack_newsletter_access":"","_jetpack_dont_email_post_to_subs":false,"_jetpack_newsletter_tier_id":0,"_jetpack_memberships_contains_paywalled_content":false,"_jetpack_memberships_contains_paid_content":false,"footnotes":"","jetpack_publicize_message":"","jetpack_publicize_feature_enabled":true,"jetpack_social_post_already_shared":false,"jetpack_social_options":{"image_generator_settings":{"template":"highway","default_image_id":0,"font":"","enabled":false},"version":2}},"categories":[4],"tags":[64,162],"class_list":["post-1785","post","type-post","status-publish","format-standard","hentry","category-manager-und-ethik","tag-duisburg","tag-love-parade"],"jetpack_publicize_connections":[],"jetpack_featured_media_url":"","jetpack_sharing_enabled":true,"jetpack_shortlink":"https:\/\/wp.me\/paO4gW-sN","jetpack_likes_enabled":true,"jetpack-related-posts":[{"id":782,"url":"https:\/\/mmmblog.de\/?p=782","url_meta":{"origin":1785,"position":0},"title":"Abwrackpr\u00e4me &#8211; eine doppelte Mogelpackung","author":"rolf","date":"26. M\u00e4rz 2009","format":false,"excerpt":"Die Bundesregierung st\u00fctzt die angeschlagenen Autobauer noch bis Jahresende mit einer Verl\u00e4ngerung der Abwrackpr\u00e4mie. Das kostet Finanzminister Peer Steinbr\u00fcck nochmal mindestens eine Milliarde. Ein populistisches Wahlkampfgeschenk mit zweifelhafter Wirkung - und obendrein eine doppelte Mogelpackung. Keine einzige Einzelma\u00dfnahme aus dem gigantischen Konjunkturpaket, das die Bundesregierung Ende vergangenen Jahres geschn\u00fcrt hat,\u2026","rel":"","context":"In &quot;M\u00e4rkte&quot;","block_context":{"text":"M\u00e4rkte","link":"https:\/\/mmmblog.de\/?cat=5"},"img":{"alt_text":"","src":"","width":0,"height":0},"classes":[]},{"id":6916,"url":"https:\/\/mmmblog.de\/?p=6916","url_meta":{"origin":1785,"position":1},"title":"Wirtschaft warnt vor AfD","author":"rolf","date":"30. August 2024","format":false,"excerpt":"Vor den Landtagswahlen am kommenden Sonntag haben zahlreiche Unternehmen und Wirtschaftsverb\u00e4nde vor der rechtspopulistischen AfD gewarnt.\u00a0 So hat sich der Chef des arbeitgebernahen Instituts der deutschen Wirtschaft (IW), Michael H\u00fcther, in einem dringenden, aber leider wenig beachteten Appell an die W\u00e4hlerinnen und W\u00e4hler in Sachsen und Th\u00fcringen gewendet, sich f\u00fcr\u2026","rel":"","context":"In &quot;Manager und Ethik&quot;","block_context":{"text":"Manager und Ethik","link":"https:\/\/mmmblog.de\/?cat=4"},"img":{"alt_text":"","src":"https:\/\/i0.wp.com\/mmmblog.de\/wp-content\/uploads\/2024\/08\/edeka-anzeige-afd-100_v-gseapremiumxl.jpg?resize=350%2C200&ssl=1","width":350,"height":200,"srcset":"https:\/\/i0.wp.com\/mmmblog.de\/wp-content\/uploads\/2024\/08\/edeka-anzeige-afd-100_v-gseapremiumxl.jpg?resize=350%2C200&ssl=1 1x, https:\/\/i0.wp.com\/mmmblog.de\/wp-content\/uploads\/2024\/08\/edeka-anzeige-afd-100_v-gseapremiumxl.jpg?resize=525%2C300&ssl=1 1.5x"},"classes":[]},{"id":28531,"url":"https:\/\/mmmblog.de\/?p=28531","url_meta":{"origin":1785,"position":2},"title":"Bessere Bildung br\u00e4chte Milliardenrenditen","author":"rolf","date":"15. Dezember 2025","format":false,"excerpt":"Bessere Bildung kann Menschen dazu bef\u00e4higen, sich als selbst\u00e4ndige Individuen an der Gesellschaft zu beteiligen. Sie kann ein gemeinsames Wertesystem und den sozialen Zusammenhalt st\u00e4rken. Au\u00dferdem kann sie der reinen Freude dienen, unser Verst\u00e4ndnis der Welt zu erweitern. Aber auch aus volkswirtschaftlicher Sicht haben gerade die Basiskompetenzen einen wesentlichen Einfluss\u2026","rel":"","context":"In &quot;Haushalt&quot;","block_context":{"text":"Haushalt","link":"https:\/\/mmmblog.de\/?cat=605"},"img":{"alt_text":"","src":"https:\/\/i0.wp.com\/mmmblog.de\/wp-content\/uploads\/2025\/12\/485705_web_R_by_Traumwelten_pixelio.de_.jpg?resize=350%2C200&ssl=1","width":350,"height":200},"classes":[]},{"id":8380,"url":"https:\/\/mmmblog.de\/?p=8380","url_meta":{"origin":1785,"position":3},"title":"Die Liebe zum Bargeld schwindet","author":"rolf","date":"9. Januar 2025","format":false,"excerpt":"Die Deutschen zahlen im Einzelhandel und in der Gastronomie immer weniger mit Bargeld. In den letzten anderthalb Jahrzehnten \u00a0hat sich das Verh\u00e4ltnis von bar zu bargeldlos genau umgekehrt: Noch 2009 haben im Schnitt sechs von zehn Kunden bar bezahlt, 2023 zahlten knapp 62 Prozent aller Kundinnen und Kunden bargeldlos. Das\u2026","rel":"","context":"In &quot;Allgemein&quot;","block_context":{"text":"Allgemein","link":"https:\/\/mmmblog.de\/?cat=1"},"img":{"alt_text":"","src":"https:\/\/i0.wp.com\/mmmblog.de\/wp-content\/uploads\/2025\/01\/KIBild.png?resize=350%2C200&ssl=1","width":350,"height":200,"srcset":"https:\/\/i0.wp.com\/mmmblog.de\/wp-content\/uploads\/2025\/01\/KIBild.png?resize=350%2C200&ssl=1 1x, https:\/\/i0.wp.com\/mmmblog.de\/wp-content\/uploads\/2025\/01\/KIBild.png?resize=525%2C300&ssl=1 1.5x, https:\/\/i0.wp.com\/mmmblog.de\/wp-content\/uploads\/2025\/01\/KIBild.png?resize=700%2C400&ssl=1 2x"},"classes":[]},{"id":3360,"url":"https:\/\/mmmblog.de\/?p=3360","url_meta":{"origin":1785,"position":4},"title":"\u00dcberleben in der Steuerh\u00f6lle","author":"rolf","date":"10. August 2016","format":false,"excerpt":"Die Halbjahresbilanz der deutschen Wirtschaft f\u00e4llt insgesamt recht ordentlich aus. Sie k\u00f6nnte noch besser ausfallen, wenn der Staat seine B\u00fcrger gerechter behandeln w\u00fcrde.Deutschland, wie geht es Deiner Wirtschaft? Seit gut zwei Wochen legen die gro\u00dfen deutschen Konzerne ihre Bilanzen zum zweiten Quartal vor - Anlass genug, so etwas wie eine\u2026","rel":"","context":"In &quot;M\u00e4rkte&quot;","block_context":{"text":"M\u00e4rkte","link":"https:\/\/mmmblog.de\/?cat=5"},"img":{"alt_text":"nichts geht mehr.","src":"https:\/\/i0.wp.com\/mmmblog.de\/wp-content\/uploads\/2016\/08\/nichts-geht-mehr..jpg?resize=350%2C200","width":350,"height":200},"classes":[]},{"id":24967,"url":"https:\/\/mmmblog.de\/?p=24967","url_meta":{"origin":1785,"position":5},"title":"Das M\u00e4rchen vom \u00fcberbordenden Sozialstaat","author":"rolf","date":"1. September 2025","format":false,"excerpt":"Unser Kanzler, Million\u00e4r und Privatflugzeugbesitzer meint, wir k\u00f6nnten uns den Sozialstaat nicht mehr leisten. Und der bayerische M\u00f6chtegern-Sonnenk\u00f6nig \u00a0fordert ein \u201egrunds\u00e4tzliches Update\u201c des Sozialstaates. Anfangen will er mit drastischen Einschnitten beim B\u00fcrgergeld: \"Weniger Leistungen und mehr Anreize zur Arbeit\". Damit k\u00f6nne man Milliarden einsparen, behauptet er. Ich habe selten so\u2026","rel":"","context":"In &quot;Allgemein&quot;","block_context":{"text":"Allgemein","link":"https:\/\/mmmblog.de\/?cat=1"},"img":{"alt_text":"","src":"https:\/\/i0.wp.com\/mmmblog.de\/wp-content\/uploads\/2025\/09\/483836_web_R_by_Rolf-Wenkel_pixelio.de_.jpg?resize=350%2C200&ssl=1","width":350,"height":200},"classes":[]}],"_links":{"self":[{"href":"https:\/\/mmmblog.de\/index.php?rest_route=\/wp\/v2\/posts\/1785","targetHints":{"allow":["GET"]}}],"collection":[{"href":"https:\/\/mmmblog.de\/index.php?rest_route=\/wp\/v2\/posts"}],"about":[{"href":"https:\/\/mmmblog.de\/index.php?rest_route=\/wp\/v2\/types\/post"}],"author":[{"embeddable":true,"href":"https:\/\/mmmblog.de\/index.php?rest_route=\/wp\/v2\/users\/2"}],"replies":[{"embeddable":true,"href":"https:\/\/mmmblog.de\/index.php?rest_route=%2Fwp%2Fv2%2Fcomments&post=1785"}],"version-history":[{"count":0,"href":"https:\/\/mmmblog.de\/index.php?rest_route=\/wp\/v2\/posts\/1785\/revisions"}],"wp:attachment":[{"href":"https:\/\/mmmblog.de\/index.php?rest_route=%2Fwp%2Fv2%2Fmedia&parent=1785"}],"wp:term":[{"taxonomy":"category","embeddable":true,"href":"https:\/\/mmmblog.de\/index.php?rest_route=%2Fwp%2Fv2%2Fcategories&post=1785"},{"taxonomy":"post_tag","embeddable":true,"href":"https:\/\/mmmblog.de\/index.php?rest_route=%2Fwp%2Fv2%2Ftags&post=1785"}],"curies":[{"name":"wp","href":"https:\/\/api.w.org\/{rel}","templated":true}]}}