{"id":1792,"date":"2010-12-13T19:31:27","date_gmt":"2010-12-13T17:31:27","guid":{"rendered":"http:\/\/mmmblog.de\/wp\/?p=1792"},"modified":"2013-11-15T09:16:14","modified_gmt":"2013-11-15T07:16:14","slug":"wie-der-bock-zum-gartner-wird","status":"publish","type":"post","link":"https:\/\/mmmblog.de\/?p=1792","title":{"rendered":"Der Bock wird zum G\u00e4rtner"},"content":{"rendered":"<p>Zugegeben: Seltsam fand ich es schon, dass sich vor einigen Monaten Alice Schwarzer ausgerechnet die <em>Bild<\/em>-Zeitung f\u00fcr ihre Kachelmann- Berichterstattung ausgesucht hat. Wer so etwas vor 25 Jahren vorausgesagt h\u00e4tte, dem w\u00e4re vermutlich ein Besuch beim Psychiater empfohlen worden. Nun gut, dachte ich mir, Tante Alice braucht vermutlich die Kohle f\u00fcr ihre <em>Emma<\/em>, und den Bild-Redakteuren ist es vermutlich egal, was sie auf Seite acht schreibt, solange sich die Hauptkundschaft lieber weiterhin die netten Tittenbildchen auf Seite eins anschaut. <!--more--><\/p>\n<p>Aber jetzt lese ich, dass der Gro\u00dfverlegerssohn Konstantin Neven DuMont als Vorstand der Mediengruppe M. DuMont Schauberg abberufen worden ist. Nicht dass ich mich um das Schicksal des armen Million\u00e4rss\u00f6hnchen gr\u00e4men w\u00fcrde &#8211; merkw\u00fcrdig ist nur, dass er sich auch eben jene <em>Bild<\/em>-Zeitung ausgesucht hat, um die Printerzeugnisse seines V\u00e4terchens niederzumachen. Nanu? Gesellschaftskritische Stimmen in einem Blatt, das viele noch nicht einmal zum Auskleiden ihrer Biom\u00fclltonne benutzen w\u00fcrden? Die Bildzeitung linksliberal &#8211; genauso gut k\u00f6nnte eine Tierschutzwoche im Schlachthaus ausgerufen werden, mutma\u00dft G\u00fcnter Herkel in der ver.di-Medienzeitschrift M. <\/p>\n<p>Auf die naheliegende Erkl\u00e4rung f\u00fcr dieses Ph\u00e4nomen hat mich der Betreiber des <a href=\"http:\/\/trithemius.twoday.net\/\"> Teppichhauses Trithemius <\/a> gebracht, der mir auf einen Kommentar zu Wikileaks unter anderem Folgendes geantwortet hat:<\/p>\n<p>&#8222;Die Konkurrenz der Verlage ist ja leider inzwischen die Konkurrenz der Gro\u00dfverlage. Nehmen Sie nur die Beispiele aus Ihrer Region: Die ehemals unabh\u00e4ngige K\u00f6lnische Rundschau erscheint nun im selben Verlag wie der K\u00f6lner Stadtanzeiger, DuMont. Im DuMont-Verlag erscheinen auch die zusammengeschrumpfte Frankfurter Rundschau, die Berliner Zeitung, die Hamburger Morgenpost, die Mitteldeutsche Zeitung, um nur die gro\u00dfen zu nennen. Die Aachener Nachrichten haben ihre Unabh\u00e4ngigkeit g\u00e4nzlich verloren und teilen sich sogar den Chefredakteur mit der Aachener Zeitung unter dem Dach des Aachener Zeitungsverlags. Der wiederum geh\u00f6rt zum gr\u00f6\u00dften Teil der Rheinischen Post. Indem diese Zeitungen ihre Unabh\u00e4ngigkeit verloren haben, konkurrieren sie auch kaum noch, allenfalls im Lokalteil. Mit Meinungsvielfalt hat das nur noch wenig zu tun, weil das von den Allierten verordnete System zerschlagen ist, dass in jeder Stadt oder Region je eine konservative und eine linksliberale Zeitung erschein sollte.&#8220;<\/p>\n<p>Ja, das ist nicht nur richtig, sondern erkl\u00e4rt auch, weshalb sich frustrierte Verlegerss\u00f6hnchen in der <em>Bild<\/em>-Zeitung \u00e4u\u00dfern m\u00fcssen: Sie haben nicht mehr viel Auswahl, um ihren Feldzug gegen Daddy inszenieren zu k\u00f6nnen. Die Presselandschaft wird immer konzentrierter und \u00e4rmer. Aber auch das ist vermutlich nur ein vor\u00fcbergehendes Ph\u00e4nomen. Wenn es stimmt, dass alle Entwicklungen aus den USA mit zwei bis drei Jahren Verz\u00f6gerung auch bei uns stattfinden, dann stehen wir vor einem masenhaften Zeitungssterben. \u00dcberleben werden vermutlich nur die Online-Ausgaben einiger popul\u00e4rer Titel &#8211; doch auch die haben noch kein \u00fcberzeugendes Gesch\u00e4ftsmodell entwickelt, wie man im Internet Geld verdienen kann. Denn im Internet ist alles umsonst, gelle?<\/p>\n","protected":false},"excerpt":{"rendered":"<p>Zugegeben: Seltsam fand ich es schon, dass sich vor einigen Monaten Alice Schwarzer ausgerechnet die Bild-Zeitung f\u00fcr ihre Kachelmann- Berichterstattung ausgesucht hat. Wer so etwas vor 25 Jahren vorausgesagt h\u00e4tte, dem w\u00e4re vermutlich ein Besuch beim Psychiater empfohlen worden. Nun gut, dachte ich mir, Tante Alice braucht vermutlich die Kohle f\u00fcr ihre Emma, und den&hellip; <a class=\"more-link\" href=\"https:\/\/mmmblog.de\/?p=1792\">Continue reading &rarr;<\/a><\/p>\n","protected":false},"author":2,"featured_media":0,"comment_status":"closed","ping_status":"closed","sticky":false,"template":"","format":"standard","meta":{"advanced_seo_description":"","jetpack_seo_html_title":"","jetpack_seo_noindex":false,"jetpack_post_was_ever_published":false,"_jetpack_newsletter_access":"","_jetpack_dont_email_post_to_subs":false,"_jetpack_newsletter_tier_id":0,"_jetpack_memberships_contains_paywalled_content":false,"_jetpack_memberships_contains_paid_content":false,"footnotes":"","jetpack_publicize_message":"","jetpack_publicize_feature_enabled":true,"jetpack_social_post_already_shared":false,"jetpack_social_options":{"image_generator_settings":{"template":"highway","default_image_id":0,"font":"","enabled":false},"version":2}},"categories":[5,6,7],"tags":[36,69,106,138,215,261,262,293],"class_list":["post-1792","post","type-post","status-publish","format-standard","hentry","category-markte","category-medien","category-moneten","tag-bildzeitung","tag-emma","tag-grosverlage","tag-kachelmann","tag-schwarzer","tag-verlage","tag-verleger","tag-wikileaks"],"jetpack_publicize_connections":[],"jetpack_featured_media_url":"","jetpack_sharing_enabled":true,"jetpack_shortlink":"https:\/\/wp.me\/paO4gW-sU","jetpack_likes_enabled":true,"jetpack-related-posts":[{"id":4147,"url":"https:\/\/mmmblog.de\/?p=4147","url_meta":{"origin":1792,"position":0},"title":"Schluss mit Facebook?","author":"rolf","date":"3. M\u00e4rz 2023","format":false,"excerpt":"Der Bundesbeauftragte f\u00fcr den Datenschutz, Ulrich Kelber, hat die Bundesregierung aufgefordert, ihre Facebook-Fanseite abzuschalten. Zur Begr\u00fcndung wies Kelber darauf hin, dass der Betrieb einer Facebook-Fanpage \u201enicht datenschutzkonform m\u00f6glich\u201c sei.\u00a0Dies zeigten Untersuchungen seiner Beh\u00f6rde und auch ein Gutachten der Datenschutzkonferenz des Bundes und der L\u00e4nder. Kelber st\u00fctzt sich dabei auf die\u2026","rel":"","context":"In &quot;Netzkultur&quot;","block_context":{"text":"Netzkultur","link":"https:\/\/mmmblog.de\/?cat=9"},"img":{"alt_text":"","src":"https:\/\/i0.wp.com\/mmmblog.de\/wp-content\/uploads\/2023\/03\/499328_web_R_by_Alexander-Klaus_pixelio.de_.jpg?resize=350%2C200&ssl=1","width":350,"height":200},"classes":[]},{"id":1005,"url":"https:\/\/mmmblog.de\/?p=1005","url_meta":{"origin":1792,"position":1},"title":"Sarrazin: Kalkulierter Krawall&#8230;","author":"rolf","date":"8. Oktober 2009","format":false,"excerpt":"Meine Liebligsbloggerfreundin Marion hat sich in ihrem Chillout-Blog mit dem \u00c4u\u00dferungen des Bundesbank-Vorstandsmitglieds Thilo Sarrazin besch\u00e4ftigt und viele, gr\u00f6\u00dftenteils kluge Kommentare darauf bekommen. Der Mann ist auf Krawall geb\u00fcrstet - und man kann nur hoffen, dass er sich niemals zur Geldpolitik der EZB \u00e4u\u00dfert. Diplomatie war noch nie seine St\u00e4rke.\u2026","rel":"","context":"In &quot;Manager und Ethik&quot;","block_context":{"text":"Manager und Ethik","link":"https:\/\/mmmblog.de\/?cat=4"},"img":{"alt_text":"","src":"","width":0,"height":0},"classes":[]},{"id":662,"url":"https:\/\/mmmblog.de\/?p=662","url_meta":{"origin":1792,"position":2},"title":"W\u00fcnsche f\u00fcr 2009","author":"rolf","date":"31. Dezember 2008","format":false,"excerpt":"Wie w\u00e4r\u2019s mit einem Paradigmenwechsel? Die Welt ist zu sch\u00f6n und zu wertvoll, um sie der Deutungshoheit eines Hans-Olaf Henkel, Josef Ackermann oder Hans-Werner Sinn zu \u00fcberlassen. Henkel war Chef von IBM Europa, Pr\u00e4sident des Bundesverbandes der Deutschen Industrie und sitzt jetzt in Talkshows herum. Josef Ackermann kennt man, und\u2026","rel":"","context":"In &quot;Manager und Ethik&quot;","block_context":{"text":"Manager und Ethik","link":"https:\/\/mmmblog.de\/?cat=4"},"img":{"alt_text":"","src":"","width":0,"height":0},"classes":[]},{"id":3812,"url":"https:\/\/mmmblog.de\/?p=3812","url_meta":{"origin":1792,"position":3},"title":"Der neue Hass aufs Auto","author":"rolf","date":"6. September 2019","format":false,"excerpt":"Wenn die d\u00fcster dr\u00e4uenden Ahnungen der Frankfurter Allgemeinen Sonntagszeitung (FAS) wahr werden, dann waren die Ausschreitungen beim G8-Gipfel in Hamburg ein Spaziergang gegen das, was der am Montag (09.09.19) beginnenden Internationalen Automobilausstellung IAA in Frankfurt bevorsteht. Die Polizei und Veranstalter r\u00fcsten sich jedenfalls f\u00fcr Szenarien zwischen friedlicher Fahrrad-Demo und harter\u2026","rel":"","context":"In &quot;Manager und Ethik&quot;","block_context":{"text":"Manager und Ethik","link":"https:\/\/mmmblog.de\/?cat=4"},"img":{"alt_text":"","src":"https:\/\/i0.wp.com\/mmmblog.de\/wp-content\/uploads\/2019\/09\/182828_web_R_by_O.-Fischer_pixelio.de_.jpg?resize=350%2C200","width":350,"height":200},"classes":[]},{"id":12458,"url":"https:\/\/mmmblog.de\/?p=12458","url_meta":{"origin":1792,"position":4},"title":"&#8222;L\u00fcgenpresse&#8220; macht Boden gut","author":"rolf","date":"14. Mai 2025","format":false,"excerpt":"Das Vertrauen in Medien in Deutschland ist wieder gewachsen, meldet der Westdeutsche Rundfunk in einer Pressemitteilung, die ich hier gerne weiterreiche. Als glaubw\u00fcrdig gelten vor allem \u00f6ffentlich-rechtliche Angebote. Auch das Vertrauen in Institutionen hat leicht zugenommen. \u00dcberraschender Nebenbefund: Junge Menschen sch\u00e4tzen die Sozialen Medien als nicht ausgewogen oder glaubw\u00fcrdig ein,\u2026","rel":"","context":"In &quot;Medien&quot;","block_context":{"text":"Medien","link":"https:\/\/mmmblog.de\/?cat=6"},"img":{"alt_text":"","src":"https:\/\/i0.wp.com\/mmmblog.de\/wp-content\/uploads\/2025\/05\/753915_web_R_B_by_Barbara-Nobis_pixelio.de_.jpg?resize=350%2C200&ssl=1","width":350,"height":200},"classes":[]},{"id":3772,"url":"https:\/\/mmmblog.de\/?p=3772","url_meta":{"origin":1792,"position":5},"title":"Weidmann wichtiger als Weber","author":"rolf","date":"6. Juni 2019","format":false,"excerpt":"Auch wenn wir Sparer uns schwarz \u00e4rgern - eine Abkehr von der Nullzinspolitik der Europ\u00e4ischen Zentralbank EZB k\u00f6nnen wir uns f\u00fcr die n\u00e4chsten Monate - wenn nicht gar Jahre - abschminken. Die EZB schiebt n\u00e4mlich wegen wachsender Konjunktursorgen eine Zinswende immer weiter hinaus. Der Zentralbankrat hat heute (06.06.2019) in Litauens\u2026","rel":"","context":"In &quot;M\u00e4rkte&quot;","block_context":{"text":"M\u00e4rkte","link":"https:\/\/mmmblog.de\/?cat=5"},"img":{"alt_text":"","src":"https:\/\/i0.wp.com\/mmmblog.de\/wp-content\/uploads\/2015\/12\/moneymyself.jpg?resize=350%2C200","width":350,"height":200},"classes":[]}],"_links":{"self":[{"href":"https:\/\/mmmblog.de\/index.php?rest_route=\/wp\/v2\/posts\/1792","targetHints":{"allow":["GET"]}}],"collection":[{"href":"https:\/\/mmmblog.de\/index.php?rest_route=\/wp\/v2\/posts"}],"about":[{"href":"https:\/\/mmmblog.de\/index.php?rest_route=\/wp\/v2\/types\/post"}],"author":[{"embeddable":true,"href":"https:\/\/mmmblog.de\/index.php?rest_route=\/wp\/v2\/users\/2"}],"replies":[{"embeddable":true,"href":"https:\/\/mmmblog.de\/index.php?rest_route=%2Fwp%2Fv2%2Fcomments&post=1792"}],"version-history":[{"count":0,"href":"https:\/\/mmmblog.de\/index.php?rest_route=\/wp\/v2\/posts\/1792\/revisions"}],"wp:attachment":[{"href":"https:\/\/mmmblog.de\/index.php?rest_route=%2Fwp%2Fv2%2Fmedia&parent=1792"}],"wp:term":[{"taxonomy":"category","embeddable":true,"href":"https:\/\/mmmblog.de\/index.php?rest_route=%2Fwp%2Fv2%2Fcategories&post=1792"},{"taxonomy":"post_tag","embeddable":true,"href":"https:\/\/mmmblog.de\/index.php?rest_route=%2Fwp%2Fv2%2Ftags&post=1792"}],"curies":[{"name":"wp","href":"https:\/\/api.w.org\/{rel}","templated":true}]}}