{"id":1798,"date":"2010-12-16T20:47:06","date_gmt":"2010-12-16T18:47:06","guid":{"rendered":"http:\/\/mmmblog.de\/wp\/?p=1798"},"modified":"2013-11-15T09:15:06","modified_gmt":"2013-11-15T07:15:06","slug":"originelle-idee","status":"publish","type":"post","link":"https:\/\/mmmblog.de\/?p=1798","title":{"rendered":"Eine originelle Idee"},"content":{"rendered":"<p>Seit Dienstag (14.12.2010) rollen wieder Castorbeh\u00e4lter mit radioaktivem Atomm\u00fcll durch die Lande. Ihr Ziel ist das Zwischenlager Lubmin bei Greifswald. Der M\u00fcll stammt aus westdeutschen Kernforschungszentren und war zur Wiederaufbereitung in S\u00fcdfrankreich. Atomkraftgegner halten diese Transporte f\u00fcr extrem gef\u00e4hrlich und fordern den Stopp der Castoren, solange kein Endlager gefunden ist. Ohne Endlager keine Sicherheit, hei\u00dft es. An der Notwendigkeit solcher Endlager zweifelt kaum jemand. Aber: Sind Endlager vielleicht nur eine fixe Idee? Der Unternehmensberater Matthias Ginsberg gibt in der <a href=\"http:\/\/www.ftd.de\/politik\/deutschland\/:gorleben-atommuell-ist-unnoetig\/50198114.html\"> Financial Times Deutschland (FTD) <\/a> zu bedenken, es sei im Prinzip unn\u00f6tig, vielleicht sogar sch\u00e4dlich, heute \u00fcber Endlager nachzudenken. Sein Argument: Wir suchen heute eine endg\u00fcltige L\u00f6sung f\u00fcr ein Problem, das noch 10 000 Jahre strahlen wird. Wir haben heute noch gar nicht die Technologie, um damit umzugehen. W\u00e4re es da nicht besser, das Zeug ein bis zwei Generationen zwischenzulagern, bis uns bessere L\u00f6sungen einfallen, anstatt heute vermeintliche Endlager politisch durchzudr\u00fccken, die sich vielleicht in 50 Jahren als falsch, aber irreversibel herausstellen? <!--more--><\/p>\n<p>Prompt gab es giftige Kommentare in der FTD, der Mann habe \u00fcberhaupt keine Expertise, er sei weder Geologe noch Physiker noch sonstwas. Das mag wohl sein, er reklamiert nur den gesunden Menschenverstand f\u00fcr sich. Und das ist in Deutschland offenbar verboten. Schlie\u00dflich gibt es hier Gesetze, Paragraphen und Politiker. Und die haben Ende der 60er Jahre entschieden, die Forschungsmilliarden in die Atiomkraft zu stecken. Das war eine, wie sich heute herausstellt, energiepolitisch v\u00f6llig falsche Grundsatzentscheidung. H\u00e4tte man diese Milliarden in die Erforschung Erneuerbarer Energien und Speichertechnologien gesteckt, w\u00e4ren wir heute ein gutes St\u00fcck weiter. V\u00f6llig zur\u00fcckgeworfen hat uns aber der uns\u00e4gliche und v\u00f6llig unn\u00f6tige Beschluss der Bundesregierung, die Laufzeiten f\u00fcr Atommeiler zu verl\u00e4ngern. Die Energiekonzerne nehmen es dankbar an, noch einmal 100 Milliarden Euro mit ihren Strahlenschleuden zu verdienen.<\/p>\n","protected":false},"excerpt":{"rendered":"<p>Seit Dienstag (14.12.2010) rollen wieder Castorbeh\u00e4lter mit radioaktivem Atomm\u00fcll durch die Lande. Ihr Ziel ist das Zwischenlager Lubmin bei Greifswald. Der M\u00fcll stammt aus westdeutschen Kernforschungszentren und war zur Wiederaufbereitung in S\u00fcdfrankreich. Atomkraftgegner halten diese Transporte f\u00fcr extrem gef\u00e4hrlich und fordern den Stopp der Castoren, solange kein Endlager gefunden ist. Ohne Endlager keine Sicherheit, hei\u00dft&hellip; <a class=\"more-link\" href=\"https:\/\/mmmblog.de\/?p=1798\">Continue reading &rarr;<\/a><\/p>\n","protected":false},"author":2,"featured_media":0,"comment_status":"closed","ping_status":"closed","sticky":false,"template":"","format":"standard","meta":{"advanced_seo_description":"","jetpack_seo_html_title":"","jetpack_seo_noindex":false,"jetpack_post_was_ever_published":false,"_jetpack_newsletter_access":"","_jetpack_dont_email_post_to_subs":false,"_jetpack_newsletter_tier_id":0,"_jetpack_memberships_contains_paywalled_content":false,"_jetpack_memberships_contains_paid_content":false,"footnotes":"","jetpack_publicize_message":"","jetpack_publicize_feature_enabled":true,"jetpack_social_post_already_shared":false,"jetpack_social_options":{"image_generator_settings":{"template":"highway","default_image_id":0,"font":"","enabled":false},"version":2}},"categories":[4,13],"tags":[26,45,70,307],"class_list":["post-1798","post","type-post","status-publish","format-standard","hentry","category-manager-und-ethik","category-zettelkasten","tag-atommull","tag-castoren","tag-endlagerung","tag-zwischenlager"],"jetpack_publicize_connections":[],"jetpack_featured_media_url":"","jetpack_sharing_enabled":true,"jetpack_shortlink":"https:\/\/wp.me\/paO4gW-t0","jetpack_likes_enabled":true,"jetpack-related-posts":[{"id":1901,"url":"https:\/\/mmmblog.de\/?p=1901","url_meta":{"origin":1798,"position":0},"title":"Gef\u00fchlte Wahrscheinlichkeiten","author":"rolf","date":"14. M\u00e4rz 2011","format":false,"excerpt":"Nach einer deutschen Risikostudie von 1979 (Phase A) ist alle 10.000 Reaktorjahre ein Kernschmelzunfall mit radioaktiver Belastung der Umwelt zu rechnen, die Wahrscheinlichkeit f\u00fcr einen ein Kernschmelzunfall mit mehreren akuten Todesf\u00e4llen wird auf eine Million Reaktorjahre beziffert. Das klingt beruhigend und wiegt uns in tr\u00fcgerischer Sicherheit. Denn diese - statistisch\u2026","rel":"","context":"In &quot;Manager und Ethik&quot;","block_context":{"text":"Manager und Ethik","link":"https:\/\/mmmblog.de\/?cat=4"},"img":{"alt_text":"Foto: Viktor Mildenberger\/pixelio.de","src":"https:\/\/i0.wp.com\/mmmblog.de\/wp-content\/uploads\/2011\/03\/akw_by_viktor-mildenberger_pixeliode1.jpg?resize=350%2C200","width":350,"height":200},"classes":[]},{"id":3788,"url":"https:\/\/mmmblog.de\/?p=3788","url_meta":{"origin":1798,"position":1},"title":"Was tun gegen die Plastik-Pest?","author":"rolf","date":"28. August 2019","format":false,"excerpt":"Plastik ist bei uns mittlerweile schwer in Verruf gekommen - sp\u00e4testens seit den Meldungen \u00fcber verm\u00fcllte Ozeane und Mikroplastik im Trinkwasser beginnen viele Menschen nachzudenken \u00fcber ein Produkt, das die Natur nur sehr schwer abbauen kann. Trotzdem steigt die globale Produktion von Plastik immer noch. Allein die USA planen, ihre\u2026","rel":"","context":"In &quot;Manager und Ethik&quot;","block_context":{"text":"Manager und Ethik","link":"https:\/\/mmmblog.de\/?cat=4"},"img":{"alt_text":"","src":"https:\/\/i0.wp.com\/mmmblog.de\/wp-content\/uploads\/2019\/08\/photo-1558640476-437a2b9438a2.jpg?resize=350%2C200","width":350,"height":200,"srcset":"https:\/\/i0.wp.com\/mmmblog.de\/wp-content\/uploads\/2019\/08\/photo-1558640476-437a2b9438a2.jpg?resize=350%2C200 1x, https:\/\/i0.wp.com\/mmmblog.de\/wp-content\/uploads\/2019\/08\/photo-1558640476-437a2b9438a2.jpg?resize=525%2C300 1.5x, https:\/\/i0.wp.com\/mmmblog.de\/wp-content\/uploads\/2019\/08\/photo-1558640476-437a2b9438a2.jpg?resize=700%2C400 2x, https:\/\/i0.wp.com\/mmmblog.de\/wp-content\/uploads\/2019\/08\/photo-1558640476-437a2b9438a2.jpg?resize=1050%2C600 3x, https:\/\/i0.wp.com\/mmmblog.de\/wp-content\/uploads\/2019\/08\/photo-1558640476-437a2b9438a2.jpg?resize=1400%2C800 4x"},"classes":[]},{"id":6407,"url":"https:\/\/mmmblog.de\/?p=6407","url_meta":{"origin":1798,"position":2},"title":"Reich und schmutzig &#8211; Arm und rein?","author":"rolf","date":"15. Juli 2024","format":false,"excerpt":"Bestimmt hat sich jeder schon mal gefragt, warum CO2-Emissionen in Kilogramm und Tonnen gemessen werden - mit der Waage jedenfalls nicht. Aber man kennt die Ausgangsgr\u00f6\u00dfen und wei\u00df, dass Masse nicht verschwindet. Das hei\u00dft: Wenn man ein St\u00fcck Holz verbrennt, hat man als Ausgangsmaterialien die Masse vom Holz und die\u2026","rel":"","context":"In &quot;Manager und Ethik&quot;","block_context":{"text":"Manager und Ethik","link":"https:\/\/mmmblog.de\/?cat=4"},"img":{"alt_text":"","src":"https:\/\/i0.wp.com\/mmmblog.de\/wp-content\/uploads\/2024\/07\/WB27-DIW_Infografik-PM.png?resize=350%2C200&ssl=1","width":350,"height":200},"classes":[]},{"id":3818,"url":"https:\/\/mmmblog.de\/?p=3818","url_meta":{"origin":1798,"position":3},"title":"Umwelt- oder Symbolpolitik?","author":"rolf","date":"8. September 2019","format":false,"excerpt":"\u00a0 In Thailand ist ein Seekuh-Baby an Plastik im Magen verendet, in der N\u00e4he von Spitzbergen finden Forscher 14.000 Plastikteilchen in einem Liter arktischen Schnee - und in Deutschland will die Regierung Plastikt\u00fcten aus dem Einzelhandel verbannen. Toll. \u00a0 \u00a0 Bundesumweltministerin Svenja Schulze schrieb auf Twitter: \"Wir verbieten Plastikt\u00fcten. Sie\u2026","rel":"","context":"In &quot;Manager und Ethik&quot;","block_context":{"text":"Manager und Ethik","link":"https:\/\/mmmblog.de\/?cat=4"},"img":{"alt_text":"","src":"https:\/\/i0.wp.com\/mmmblog.de\/wp-content\/uploads\/2019\/09\/brian-yurasits-IvWEUvMwmlg-unsplash.jpg?resize=350%2C200","width":350,"height":200},"classes":[]},{"id":3863,"url":"https:\/\/mmmblog.de\/?p=3863","url_meta":{"origin":1798,"position":4},"title":"Plastikm\u00fcll &#8211; wie der Handel gr\u00fcner werden will","author":"rolf","date":"23. Januar 2020","format":false,"excerpt":"Die einen fahren weiter mit ihren SUV-Panzern durch die Gegend, die anderen kriegen schon ein schlechtes Gewissen, wenn sie im Supermarkt ihre Lebensmittel nur in Plastikverpackungen bekommen: Nachhaltigkeit ist aktuell stark in der Diskussion, auch was den riesigen Berg an Verpackungsm\u00fcll, angeht, den wir t\u00e4glich produzieren. Der Handel, Konsumg\u00fcter- und\u2026","rel":"","context":"In &quot;Manager und Ethik&quot;","block_context":{"text":"Manager und Ethik","link":"https:\/\/mmmblog.de\/?cat=4"},"img":{"alt_text":"","src":"https:\/\/i0.wp.com\/mmmblog.de\/wp-content\/uploads\/2020\/01\/376546_web_R_by_Hartmut910_pixelio.de_.jpg?resize=350%2C200","width":350,"height":200},"classes":[]},{"id":3395,"url":"https:\/\/mmmblog.de\/?p=3395","url_meta":{"origin":1798,"position":5},"title":"Digitalisieren wir unsere Jobs weg?","author":"rolf","date":"18. November 2016","format":false,"excerpt":"Wer \u00c4ngste sch\u00fcrt, macht Auflage. \"Zerst\u00f6ren Roboter das deutsche Jobwunder?\", fragt denn auch so mancher Sensationsjournalist. Aber ist das wirklich so? Denn die Arbeit ist noch nie ausgegangen - sie ver\u00e4ndert sich nur. Die Angst vor Ver\u00e4nderungen im Arbeitsleben ist nicht neu. Anfang des 19. Jahrhunderts sorgten sich englische Textilarbeiter\u2026","rel":"","context":"In &quot;Manager und Ethik&quot;","block_context":{"text":"Manager und Ethik","link":"https:\/\/mmmblog.de\/?cat=4"},"img":{"alt_text":"Foto: Marko Greitschus \/ pixelio.de","src":"https:\/\/i0.wp.com\/mmmblog.de\/wp-content\/uploads\/2016\/11\/459887_web_R_K_B_by_Marko-Greitschus_pixelio.de_.jpg?resize=350%2C200","width":350,"height":200},"classes":[]}],"_links":{"self":[{"href":"https:\/\/mmmblog.de\/index.php?rest_route=\/wp\/v2\/posts\/1798","targetHints":{"allow":["GET"]}}],"collection":[{"href":"https:\/\/mmmblog.de\/index.php?rest_route=\/wp\/v2\/posts"}],"about":[{"href":"https:\/\/mmmblog.de\/index.php?rest_route=\/wp\/v2\/types\/post"}],"author":[{"embeddable":true,"href":"https:\/\/mmmblog.de\/index.php?rest_route=\/wp\/v2\/users\/2"}],"replies":[{"embeddable":true,"href":"https:\/\/mmmblog.de\/index.php?rest_route=%2Fwp%2Fv2%2Fcomments&post=1798"}],"version-history":[{"count":0,"href":"https:\/\/mmmblog.de\/index.php?rest_route=\/wp\/v2\/posts\/1798\/revisions"}],"wp:attachment":[{"href":"https:\/\/mmmblog.de\/index.php?rest_route=%2Fwp%2Fv2%2Fmedia&parent=1798"}],"wp:term":[{"taxonomy":"category","embeddable":true,"href":"https:\/\/mmmblog.de\/index.php?rest_route=%2Fwp%2Fv2%2Fcategories&post=1798"},{"taxonomy":"post_tag","embeddable":true,"href":"https:\/\/mmmblog.de\/index.php?rest_route=%2Fwp%2Fv2%2Ftags&post=1798"}],"curies":[{"name":"wp","href":"https:\/\/api.w.org\/{rel}","templated":true}]}}