{"id":1834,"date":"2011-01-02T12:48:40","date_gmt":"2011-01-02T10:48:40","guid":{"rendered":"http:\/\/mmmblog.de\/wp\/?p=1834"},"modified":"2013-11-15T09:13:18","modified_gmt":"2013-11-15T07:13:18","slug":"nochn-ruckblick","status":"publish","type":"post","link":"https:\/\/mmmblog.de\/?p=1834","title":{"rendered":"Noch ein R\u00fcckblick"},"content":{"rendered":"<p>Diesmal in Form eines <a href=\"http:\/\/mediacenter.dw-world.de\/german\/pictures\/#!\/35517\/Wirtschaftsr%C3%BCckblick_2010\"> Comics. <\/a><\/p>\n","protected":false},"excerpt":{"rendered":"<p>Diesmal in Form eines Comics.<\/p>\n","protected":false},"author":2,"featured_media":0,"comment_status":"closed","ping_status":"closed","sticky":false,"template":"","format":"standard","meta":{"advanced_seo_description":"","jetpack_seo_html_title":"","jetpack_seo_noindex":false,"jetpack_post_was_ever_published":false,"_jetpack_newsletter_access":"","_jetpack_dont_email_post_to_subs":false,"_jetpack_newsletter_tier_id":0,"_jetpack_memberships_contains_paywalled_content":false,"_jetpack_memberships_contains_paid_content":false,"footnotes":"","jetpack_publicize_message":"","jetpack_publicize_feature_enabled":true,"jetpack_social_post_already_shared":false,"jetpack_social_options":{"image_generator_settings":{"template":"highway","default_image_id":0,"font":"","enabled":false},"version":2}},"categories":[13],"tags":[209],"class_list":["post-1834","post","type-post","status-publish","format-standard","hentry","category-zettelkasten","tag-ruckblick"],"jetpack_publicize_connections":[],"jetpack_featured_media_url":"","jetpack_sharing_enabled":true,"jetpack_shortlink":"https:\/\/wp.me\/paO4gW-tA","jetpack_likes_enabled":true,"jetpack-related-posts":[{"id":3383,"url":"https:\/\/mmmblog.de\/?p=3383","url_meta":{"origin":1834,"position":0},"title":"Nase r\u00fcmpfen \u00fcber Trump? Gro\u00dfer Fehler!","author":"rolf","date":"9. November 2016","format":false,"excerpt":"Der Populismus eines Donald Trump hat in Europa durchaus seine Entsprechungen. Europa ist keine Insel der Seligen, die vor Populisten sicher ist. Im Gegenteil: Sie werden Auftrieb erhalten durch den Wahlsieg des Donald Trump. Am 4. Dezember entscheiden die Italiener in einer Volksabstimmung \u00fcber die wichtige Senatsreform. F\u00e4llt die durch,\u2026","rel":"","context":"In &quot;M\u00e4rkte&quot;","block_context":{"text":"M\u00e4rkte","link":"https:\/\/mmmblog.de\/?cat=5"},"img":{"alt_text":"","src":"","width":0,"height":0},"classes":[]},{"id":1837,"url":"https:\/\/mmmblog.de\/?p=1837","url_meta":{"origin":1834,"position":1},"title":"Der Blick in die Glaskugel","author":"rolf","date":"3. Januar 2011","format":false,"excerpt":"Am Anfang eines neuen Jahres schl\u00e4gt die Stunde der Prognosen. Die fallen diesmal f\u00fcr Deutschland vorsichtig bis betont optimistisch aus. Aber was sagt der Mann, der 2010 die genaueste Vorhersage abgeliefert hat? Wer zu faul zum Lesen ist, kann das Ganze auch h\u00f6ren.","rel":"","context":"In &quot;M\u00e4rkte&quot;","block_context":{"text":"M\u00e4rkte","link":"https:\/\/mmmblog.de\/?cat=5"},"img":{"alt_text":"KONICA MINOLTA DIGITAL CAMERA","src":"https:\/\/i0.wp.com\/mmmblog.de\/wp-content\/uploads\/2011\/01\/glaskugel.jpg?resize=350%2C200","width":350,"height":200},"classes":[]},{"id":5031,"url":"https:\/\/mmmblog.de\/?p=5031","url_meta":{"origin":1834,"position":2},"title":"Schuldenbremse verfassungswidrig","author":"rolf","date":"1. Dezember 2023","format":false,"excerpt":"Ja Leute, das h\u00f6rt sich erstmal v\u00f6llig verr\u00fcckt an. Wie kann etwas, was in der Verfassung steht, verfassungswidrig sein? Nun, wenn man sich die beiden Grundgesetz-Artikel anschaut, die sich auf die Schuldenbremse beziehen, dann kommen - mir zumindest - erhebliche Zweifel, ob das \u00fcberhaupt in der gegenw\u00e4rtigen Form in ein\u2026","rel":"","context":"In &quot;Allgemein&quot;","block_context":{"text":"Allgemein","link":"https:\/\/mmmblog.de\/?cat=1"},"img":{"alt_text":"","src":"https:\/\/i0.wp.com\/mmmblog.de\/wp-content\/uploads\/2023\/12\/703849_web_R_B_by_Torsten-Bogdenand_pixelio.de_.jpg?resize=350%2C200&ssl=1","width":350,"height":200},"classes":[]},{"id":3395,"url":"https:\/\/mmmblog.de\/?p=3395","url_meta":{"origin":1834,"position":3},"title":"Digitalisieren wir unsere Jobs weg?","author":"rolf","date":"18. November 2016","format":false,"excerpt":"Wer \u00c4ngste sch\u00fcrt, macht Auflage. \"Zerst\u00f6ren Roboter das deutsche Jobwunder?\", fragt denn auch so mancher Sensationsjournalist. Aber ist das wirklich so? Denn die Arbeit ist noch nie ausgegangen - sie ver\u00e4ndert sich nur. Die Angst vor Ver\u00e4nderungen im Arbeitsleben ist nicht neu. Anfang des 19. Jahrhunderts sorgten sich englische Textilarbeiter\u2026","rel":"","context":"In &quot;Manager und Ethik&quot;","block_context":{"text":"Manager und Ethik","link":"https:\/\/mmmblog.de\/?cat=4"},"img":{"alt_text":"Foto: Marko Greitschus \/ pixelio.de","src":"https:\/\/i0.wp.com\/mmmblog.de\/wp-content\/uploads\/2016\/11\/459887_web_R_K_B_by_Marko-Greitschus_pixelio.de_.jpg?resize=350%2C200","width":350,"height":200},"classes":[]},{"id":4018,"url":"https:\/\/mmmblog.de\/?p=4018","url_meta":{"origin":1834,"position":4},"title":"Architektur-Tipp: Arp-Museum Rolandseck","author":"rolf","date":"13. Dezember 2022","format":false,"excerpt":"An einem sonnigen Herbsttag mit knallblauem Himmel sind zwei Sujets besonders dankbare Fotomodelle: Der Laubwald und die moderne Architektur. Also sind wir los zum arp museum am Bahnhof Rolandseck am Rhein, kurz hinter dem s\u00fcdlichsten Zipfel Nordrhein-Westfalens oder andersherum im n\u00f6rdlichsten Zipfel von Rheinland-Pfalz.\u00a0 Wenn die elend viel befahrene Bundesstra\u00dfe\u2026","rel":"","context":"In &quot;Allgemein&quot;","block_context":{"text":"Allgemein","link":"https:\/\/mmmblog.de\/?cat=1"},"img":{"alt_text":"","src":"https:\/\/i0.wp.com\/mmmblog.de\/wp-content\/uploads\/2022\/12\/IMG_20150118_141921.jpg?resize=350%2C200&ssl=1","width":350,"height":200,"srcset":"https:\/\/i0.wp.com\/mmmblog.de\/wp-content\/uploads\/2022\/12\/IMG_20150118_141921.jpg?resize=350%2C200&ssl=1 1x, https:\/\/i0.wp.com\/mmmblog.de\/wp-content\/uploads\/2022\/12\/IMG_20150118_141921.jpg?resize=525%2C300&ssl=1 1.5x, https:\/\/i0.wp.com\/mmmblog.de\/wp-content\/uploads\/2022\/12\/IMG_20150118_141921.jpg?resize=700%2C400&ssl=1 2x, https:\/\/i0.wp.com\/mmmblog.de\/wp-content\/uploads\/2022\/12\/IMG_20150118_141921.jpg?resize=1050%2C600&ssl=1 3x, https:\/\/i0.wp.com\/mmmblog.de\/wp-content\/uploads\/2022\/12\/IMG_20150118_141921.jpg?resize=1400%2C800&ssl=1 4x"},"classes":[]},{"id":4147,"url":"https:\/\/mmmblog.de\/?p=4147","url_meta":{"origin":1834,"position":5},"title":"Schluss mit Facebook?","author":"rolf","date":"3. M\u00e4rz 2023","format":false,"excerpt":"Der Bundesbeauftragte f\u00fcr den Datenschutz, Ulrich Kelber, hat die Bundesregierung aufgefordert, ihre Facebook-Fanseite abzuschalten. Zur Begr\u00fcndung wies Kelber darauf hin, dass der Betrieb einer Facebook-Fanpage \u201enicht datenschutzkonform m\u00f6glich\u201c sei.\u00a0Dies zeigten Untersuchungen seiner Beh\u00f6rde und auch ein Gutachten der Datenschutzkonferenz des Bundes und der L\u00e4nder. Kelber st\u00fctzt sich dabei auf die\u2026","rel":"","context":"In &quot;Netzkultur&quot;","block_context":{"text":"Netzkultur","link":"https:\/\/mmmblog.de\/?cat=9"},"img":{"alt_text":"","src":"https:\/\/i0.wp.com\/mmmblog.de\/wp-content\/uploads\/2023\/03\/499328_web_R_by_Alexander-Klaus_pixelio.de_.jpg?resize=350%2C200&ssl=1","width":350,"height":200},"classes":[]}],"_links":{"self":[{"href":"https:\/\/mmmblog.de\/index.php?rest_route=\/wp\/v2\/posts\/1834","targetHints":{"allow":["GET"]}}],"collection":[{"href":"https:\/\/mmmblog.de\/index.php?rest_route=\/wp\/v2\/posts"}],"about":[{"href":"https:\/\/mmmblog.de\/index.php?rest_route=\/wp\/v2\/types\/post"}],"author":[{"embeddable":true,"href":"https:\/\/mmmblog.de\/index.php?rest_route=\/wp\/v2\/users\/2"}],"replies":[{"embeddable":true,"href":"https:\/\/mmmblog.de\/index.php?rest_route=%2Fwp%2Fv2%2Fcomments&post=1834"}],"version-history":[{"count":0,"href":"https:\/\/mmmblog.de\/index.php?rest_route=\/wp\/v2\/posts\/1834\/revisions"}],"wp:attachment":[{"href":"https:\/\/mmmblog.de\/index.php?rest_route=%2Fwp%2Fv2%2Fmedia&parent=1834"}],"wp:term":[{"taxonomy":"category","embeddable":true,"href":"https:\/\/mmmblog.de\/index.php?rest_route=%2Fwp%2Fv2%2Fcategories&post=1834"},{"taxonomy":"post_tag","embeddable":true,"href":"https:\/\/mmmblog.de\/index.php?rest_route=%2Fwp%2Fv2%2Ftags&post=1834"}],"curies":[{"name":"wp","href":"https:\/\/api.w.org\/{rel}","templated":true}]}}