{"id":28531,"date":"2025-12-15T15:50:15","date_gmt":"2025-12-15T14:50:15","guid":{"rendered":"https:\/\/mmmblog.de\/?p=28531"},"modified":"2025-12-15T15:55:01","modified_gmt":"2025-12-15T14:55:01","slug":"bessere-bildung-braechte-milliardenrenditen","status":"publish","type":"post","link":"https:\/\/mmmblog.de\/?p=28531","title":{"rendered":"Bessere Bildung br\u00e4chte Milliardenrenditen"},"content":{"rendered":"<figure id=\"attachment_28532\" aria-describedby=\"caption-attachment-28532\" style=\"width: 480px\" class=\"wp-caption alignleft\"><img data-recalc-dims=\"1\" loading=\"lazy\" decoding=\"async\" class=\"wp-image-28532 \" src=\"https:\/\/i0.wp.com\/mmmblog.de\/wp-content\/uploads\/2025\/12\/485705_web_R_by_Traumwelten_pixelio.de_.jpg?resize=480%2C319&#038;ssl=1\" alt=\"\" width=\"480\" height=\"319\" srcset=\"https:\/\/i0.wp.com\/mmmblog.de\/wp-content\/uploads\/2025\/12\/485705_web_R_by_Traumwelten_pixelio.de_.jpg?w=400&amp;ssl=1 400w, https:\/\/i0.wp.com\/mmmblog.de\/wp-content\/uploads\/2025\/12\/485705_web_R_by_Traumwelten_pixelio.de_.jpg?resize=300%2C200&amp;ssl=1 300w\" sizes=\"auto, (max-width: 480px) 100vw, 480px\" \/><figcaption id=\"caption-attachment-28532\" class=\"wp-caption-text\">Bleibt das so in Deutschland? Foto: Traumwelten \/ pixelio.de<\/figcaption><\/figure>\n<p><strong>Bessere Bildung kann Menschen dazu bef\u00e4higen, sich als selbst\u00e4ndige Individuen an der Gesellschaft zu beteiligen. Sie kann ein gemeinsames Wertesystem und den sozialen Zusammenhalt st\u00e4rken. Au\u00dferdem kann sie der reinen Freude dienen, unser Verst\u00e4ndnis der Welt zu erweitern. Aber auch aus volkswirtschaftlicher Sicht haben gerade die Basiskompetenzen einen wesentlichen Einfluss darauf, wie erfolgreich die Einzelnen am Arbeitsmarkt sind &#8211; und wie sich die gesamte Volkswirtschaft eines Landes in der Zukunft entwickelt.<\/strong><\/p>\n<p>Die Zahl eine Billion steht im deutschsprachigen und kontinentaleurop\u00e4ischen Sprachgebrauch f\u00fcr die Zahl 1000 Milliarden oder 1.000.000.000.000 = 10<sup>12<\/sup>, im Dezimalsystem also f\u00fcr eine Eins mit zw\u00f6lf Nullen &#8211; so ist es bei Wikipedia nachzulesen. Und jetzt bitte anschnallen: Deutschlands Wohlstand k\u00f6nnte in f\u00fcnf Jahrzehnten um sage und schreibe 6700 Milliarden, also 6,7 Billionen Euro gr\u00f6\u00dfer sein, wenn wir gezielt in unser Bildungssystem investieren w\u00fcrden.<\/p>\n<p>Das haben die Bildungs\u00f6konomen Katia Werkmeister und Ludger W\u00f6\u00dfmann vom M\u00fcnchener Ifo-Institut in einer Modellrechnung herausgefunden, f\u00fcr den Fall, dass drei messbare Bildungsziele in die Tat umgesetzt werden, die drei Landesbildungsministerinnen unterschiedlicher Parteizugeh\u00f6rigkeit im Fr\u00fchjahr formuliert haben. Und es kommt noch besser: Ein Kind, das heute geboren wird, k\u00f6nnte im Verlauf seiner Lebenserwartung von knapp 21 Billionen Euro an zus\u00e4tzlicher Wirtschaftleistung profitieren.<\/p>\n<p>Anfang 2025 hatten die Bildungsministerinnen der L\u00e4nder Rheinland-Pfalz, Schleswig-Holstein und Baden-W\u00fcrttemberg &#8211; Stefanie Hubig (SPD), Karin Prien (CDU) und Theresa Schopper (B\u00fcndnis90\/Die Gr\u00fcnen) &#8211; einen \u201epartei\u00fcbergreifenden Impuls f\u00fcr messbare Bildungsziele\u201c erarbeitet. Unter dem Titel \u201eBessere Bildung 2035\u201c haben sich die Ministerinnen darauf verst\u00e4ndigt, den Erfolg ihrer Bem\u00fchungen an folgenden Indikatoren zum Leistungsstand der Sch\u00fclerschaft\u00a0 messbar zu machen: Erstens soll die Zahl der Sch\u00fclerinnen und Sch\u00fcler die die Mindeststandards in Deutsch und Mathematik nicht erreichen, halbiert werden &#8211; Stichwort \u201eBildungsminimum absichern\u201c.<\/p>\n<p>Zweites Stichwort \u201eBildungsniveau steigern\u201c: Die Zahl der Sch\u00fclerinnen und Sch\u00fcler, die die Regelstandards in Deutsch und Mathematik erreichen oder \u00fcbertreffen, soll um mindestens 20 Prozent gesteigert werden. Und schlie\u00dflich soll, drittens, die \u201eLeistungsspitze gef\u00f6rdert\u201c werden: Die Zahl der Sch\u00fclerinnen und Sch\u00fcler, die so genannte \u201eOptimalstandards\u201c in Deutsch und Mathematik erreichen, soll um 30 Prozent gesteigert werden.<\/p>\n<p>&#8222;In wenigen Jahrzehnten generiert bessere Bildung messbare \u00f6konomische Ertr\u00e4ge, die Staat und Gesellschaft sp\u00fcrbar st\u00e4rken\u201c, sagt Ludger W\u00f6\u00dfmann, Leiter des ifo Zentrums f\u00fcr Bildungs\u00f6konomik. Allerdings sei die Wirkung nicht linear. So m\u00fcsse erst investiert werden, nach rund 50 Jahren l\u00e4ge der kumulierte Wert der Verbesserungen dann bei etwa 6,7 Billionen Euro, nach 80 Jahren bei 20,9 Billionen Euro &#8211; das w\u00e4re etwa das F\u00fcnffache des heutigen Bruttoinlandsprodukts.<\/p>\n<p>Die empirische Wirtschaftsforschung belegt einen engen Zusammenhang zwischen den Bildungsleistungen der Bev\u00f6lkerung und dem volkswirtschaftlichen Wachstum. Alle Bundesl\u00e4nder w\u00fcrden durch das Erreichen der Bildungsziele erheblich an Wirtschaftsleistung gewinnen, beispielsweise Nordrhein-Westfalen 4,9 Billioneno. Euro, Baden-W\u00fcrttemberg 3,0 und Bayern 2,8 Billionen. Euro. F\u00fcr die einzelnen Bundesl\u00e4nder liegt das zus\u00e4tzliche BIP zwischen dem 3,5- und dem 7,6-Fachen des heutigen BIP. Dabei profitieren L\u00e4nder wie Bremen und Berlin am meisten, in denen die aktuellen Bildungsleistungen am niedrigsten sind. &#8222;Diese volkswirtschaftlichen Renditen verdeutlichen, wie sehr es sich lohnt, wenn politische Entscheidungstr\u00e4ger eine Verbesserung der Bildungsergebnisse priorisieren\u201c, schreibt das Ifo-Institut in einer Pressemitteilung.<\/p>\n<p>Die ganze Studie kann man sich <a href=\"https:\/\/www.ifo.de\/DocDL\/sd-digital-2025-25-werkmeister-woessmann-volkswirtschaftliche-ertraege-bildung.pdf\">hier<\/a> als PDF (15 Seiten) herunterladen.<\/p>\n<p>&nbsp;<\/p>\n<p>&nbsp;<\/p>\n","protected":false},"excerpt":{"rendered":"<p>Bessere Bildung kann Menschen dazu bef\u00e4higen, sich als selbst\u00e4ndige Individuen an der Gesellschaft zu beteiligen. Sie kann ein gemeinsames Wertesystem und den sozialen Zusammenhalt st\u00e4rken. Au\u00dferdem kann sie der reinen Freude dienen, unser Verst\u00e4ndnis der Welt zu erweitern. Aber auch aus volkswirtschaftlicher Sicht haben gerade die Basiskompetenzen einen wesentlichen Einfluss darauf, wie erfolgreich die Einzelnen&hellip; <a class=\"more-link\" href=\"https:\/\/mmmblog.de\/?p=28531\">Continue reading &rarr;<\/a><\/p>\n","protected":false},"author":2,"featured_media":0,"comment_status":"open","ping_status":"closed","sticky":false,"template":"","format":"standard","meta":{"advanced_seo_description":"","jetpack_seo_html_title":"","jetpack_seo_noindex":false,"jetpack_post_was_ever_published":false,"_jetpack_newsletter_access":"","_jetpack_dont_email_post_to_subs":false,"_jetpack_newsletter_tier_id":0,"_jetpack_memberships_contains_paywalled_content":false,"_jetpack_memberships_contains_paid_content":false,"footnotes":"","jetpack_publicize_message":"","jetpack_publicize_feature_enabled":true,"jetpack_social_post_already_shared":true,"jetpack_social_options":{"image_generator_settings":{"template":"highway","default_image_id":0,"font":"","enabled":false},"version":2}},"categories":[605,4,7,604,949,13],"tags":[545,1108,1106,1107,453,547,1109,601],"class_list":["post-28531","post","type-post","status-publish","format-standard","hentry","category-haushalt","category-manager-und-ethik","category-moneten","category-wirtschaft","category-wirtschaftspolitik","category-zettelkasten","tag-bildung","tag-bildungsniveau","tag-bildungspolitik","tag-bildungsziele","tag-bip","tag-ifo-institut","tag-wirtschaftsforschung","tag-wirtschaftsleistung"],"jetpack_publicize_connections":[],"jetpack_featured_media_url":"","jetpack_sharing_enabled":true,"jetpack_shortlink":"https:\/\/wp.me\/paO4gW-7qb","jetpack_likes_enabled":true,"jetpack-related-posts":[{"id":3559,"url":"https:\/\/mmmblog.de\/?p=3559","url_meta":{"origin":28531,"position":0},"title":"Die Zukunft bereits verspielt?","author":"rolf","date":"16. Juli 2018","format":false,"excerpt":"Diesen Verdacht hatte ich schon lange: Deutschland investiert seit Jahren zu wenig in seine Zukunft - es tun sich Milliardenl\u00fccken in den Bereichen Infrastruktur und Bildung auf. Das legt eine neue Studie des M\u00fcnchener Ifo-Instituts f\u00fcr Wirtschaftsforschung nahe. In einer Pressemitteilung der M\u00fcnchener Forscher hei\u00dft es: \"Bei den Investitionen im\u2026","rel":"","context":"In &quot;Zettelkasten&quot;","block_context":{"text":"Zettelkasten","link":"https:\/\/mmmblog.de\/?cat=13"},"img":{"alt_text":"Foto: Thommy Weiss \/ pixelio.de","src":"https:\/\/i0.wp.com\/mmmblog.de\/wp-content\/uploads\/2018\/07\/Sparen-1.jpg?resize=350%2C200","width":350,"height":200},"classes":[]},{"id":5447,"url":"https:\/\/mmmblog.de\/?p=5447","url_meta":{"origin":28531,"position":1},"title":"Schuldenbremse: Zu scharf gebremst","author":"rolf","date":"16. Januar 2024","format":false,"excerpt":"Seit gestern (15.01.2024) ist es amtlich: Die deutsche Wirtschaft ist im vergangenen Jahr nach vorl\u00e4ufigen Berechnungen des Statistischen Bundesamtes geschrumpft, um 0,3 Prozent. Europas gr\u00f6\u00dfte Volkswirtschaft ist in die Rezession gerutscht. Kein Wunder, k\u00f6nnte man sagen, was ist auch anderes zu erwarten angesichts von Krisen, Kriegen, Inflation und steigenden Zinsen?\u2026","rel":"","context":"In &quot;Haushalt&quot;","block_context":{"text":"Haushalt","link":"https:\/\/mmmblog.de\/?cat=605"},"img":{"alt_text":"","src":"https:\/\/i0.wp.com\/mmmblog.de\/wp-content\/uploads\/2024\/01\/469926_web_R_by_Rolf-Wenkel_pixelio.de_.jpg?resize=350%2C200&ssl=1","width":350,"height":200},"classes":[]},{"id":28119,"url":"https:\/\/mmmblog.de\/?p=28119","url_meta":{"origin":28531,"position":2},"title":"Wie man mit M\u00e4rchen Klimapolitik hintertreibt","author":"rolf","date":"24. September 2025","format":false,"excerpt":"Populistische Parteien nutzen gezielt Narrative \u00fcber soziale Ungerechtigkeit, um Klimapolitik als unsozial und von Eliten getrieben darzustellen. Das zeigt eine neue Studie des Deutschen Instituts f\u00fcr Wirtschaftsforschung (DIW Berlin). Die Autoren Matilda Gettins und Lorenz Meister haben sich gefragt, wie sich drei verbreitete Narrative \u00fcber die mit klimapolitischen Ma\u00dfnahmen verbundenen\u2026","rel":"","context":"In &quot;Manager und Ethik&quot;","block_context":{"text":"Manager und Ethik","link":"https:\/\/mmmblog.de\/?cat=4"},"img":{"alt_text":"","src":"https:\/\/i0.wp.com\/mmmblog.de\/wp-content\/uploads\/2025\/09\/Screenshot-2025-09-24-151927.png?resize=350%2C200&ssl=1","width":350,"height":200,"srcset":"https:\/\/i0.wp.com\/mmmblog.de\/wp-content\/uploads\/2025\/09\/Screenshot-2025-09-24-151927.png?resize=350%2C200&ssl=1 1x, https:\/\/i0.wp.com\/mmmblog.de\/wp-content\/uploads\/2025\/09\/Screenshot-2025-09-24-151927.png?resize=525%2C300&ssl=1 1.5x"},"classes":[]},{"id":4194,"url":"https:\/\/mmmblog.de\/?p=4194","url_meta":{"origin":28531,"position":3},"title":"IW-Konjunkturprognose: Kein Aufschwung in Sicht","author":"rolf","date":"27. M\u00e4rz 2023","format":false,"excerpt":"Die deutsche Wirtschaft hat das Krisenjahr 2022 besser \u00fcberstanden als zun\u00e4chst bef\u00fcrchtet. Doch Unsicherheit, Inflation und hohe Energiekosten belasten den Aufschwung: F\u00fcr 2023 rechnet das arbeitgermernahe Institut der deutschen Wirtschaft (IW) in K\u00f6ln mit einem Wirtschaftswachstum von lediglich einem Viertelprozent. \u00a0 \u00a0 Nach dem ersten Schock hat sich Deutschland 2022\u2026","rel":"","context":"In &quot;M\u00e4rkte&quot;","block_context":{"text":"M\u00e4rkte","link":"https:\/\/mmmblog.de\/?cat=5"},"img":{"alt_text":"","src":"https:\/\/i0.wp.com\/mmmblog.de\/wp-content\/uploads\/2023\/03\/615340_web_R_by_Rolf-Wenkel_pixelio.de1_.jpg?resize=350%2C200&ssl=1","width":350,"height":200},"classes":[]},{"id":3845,"url":"https:\/\/mmmblog.de\/?p=3845","url_meta":{"origin":28531,"position":4},"title":"Geld ist da &#8211; doch nichts passiert","author":"rolf","date":"7. November 2019","format":false,"excerpt":"Die deutsche Wirtschaft im Abschwung \u2013 was kann die Politik tun? Einige \u00d6konomen fordern: Es m\u00fcsse mehr investiert werden. Die schwarze Null sei nicht haltbar. Finanzminister Olaf Scholz h\u00e4lt dagegen: Es ist genug Geld f\u00fcr Investitionen da - nur wird es nicht abgerufen. \u00a0 \u00a0 Wer in Berlin Steglitz an\u2026","rel":"","context":"In &quot;M\u00e4rkte&quot;","block_context":{"text":"M\u00e4rkte","link":"https:\/\/mmmblog.de\/?cat=5"},"img":{"alt_text":"","src":"https:\/\/i0.wp.com\/mmmblog.de\/wp-content\/uploads\/2019\/11\/csm_uhr_e2c0e08194.jpg?resize=350%2C200","width":350,"height":200},"classes":[]},{"id":3575,"url":"https:\/\/mmmblog.de\/?p=3575","url_meta":{"origin":28531,"position":5},"title":"Sind die fetten Jahre vorbei?","author":"rolf","date":"9. Februar 2019","format":false,"excerpt":"Foto: Thommy Weiss \/ pixelio.de F\u00fcr viele Arbeitnehmer war 2018 ein gutes Jahr, schreibt die gewerkschaftsnahe Hans-B\u00f6ckler-Stiftung in ihrer neuesten Tarifbilanz f\u00fcr das Jahr 2018. Demnach sind die Tarifl\u00f6hne- und -geh\u00e4lter im vergangenen Jahr im Schnitt um 3,0 Prozent gestiegen. Zieht man von diesem Zuwachs die Inflationsrate des vergangenen Jahres\u2026","rel":"","context":"In &quot;M\u00e4rkte&quot;","block_context":{"text":"M\u00e4rkte","link":"https:\/\/mmmblog.de\/?cat=5"},"img":{"alt_text":"","src":"https:\/\/i0.wp.com\/mmmblog.de\/wp-content\/uploads\/2019\/02\/784929_original_R_by_fotoART-by-Thommy-Weiss_pixelio.de_.jpg?resize=350%2C200&ssl=1","width":350,"height":200,"srcset":"https:\/\/i0.wp.com\/mmmblog.de\/wp-content\/uploads\/2019\/02\/784929_original_R_by_fotoART-by-Thommy-Weiss_pixelio.de_.jpg?resize=350%2C200&ssl=1 1x, https:\/\/i0.wp.com\/mmmblog.de\/wp-content\/uploads\/2019\/02\/784929_original_R_by_fotoART-by-Thommy-Weiss_pixelio.de_.jpg?resize=525%2C300&ssl=1 1.5x, https:\/\/i0.wp.com\/mmmblog.de\/wp-content\/uploads\/2019\/02\/784929_original_R_by_fotoART-by-Thommy-Weiss_pixelio.de_.jpg?resize=700%2C400&ssl=1 2x, https:\/\/i0.wp.com\/mmmblog.de\/wp-content\/uploads\/2019\/02\/784929_original_R_by_fotoART-by-Thommy-Weiss_pixelio.de_.jpg?resize=1050%2C600&ssl=1 3x"},"classes":[]}],"_links":{"self":[{"href":"https:\/\/mmmblog.de\/index.php?rest_route=\/wp\/v2\/posts\/28531","targetHints":{"allow":["GET"]}}],"collection":[{"href":"https:\/\/mmmblog.de\/index.php?rest_route=\/wp\/v2\/posts"}],"about":[{"href":"https:\/\/mmmblog.de\/index.php?rest_route=\/wp\/v2\/types\/post"}],"author":[{"embeddable":true,"href":"https:\/\/mmmblog.de\/index.php?rest_route=\/wp\/v2\/users\/2"}],"replies":[{"embeddable":true,"href":"https:\/\/mmmblog.de\/index.php?rest_route=%2Fwp%2Fv2%2Fcomments&post=28531"}],"version-history":[{"count":2,"href":"https:\/\/mmmblog.de\/index.php?rest_route=\/wp\/v2\/posts\/28531\/revisions"}],"predecessor-version":[{"id":28534,"href":"https:\/\/mmmblog.de\/index.php?rest_route=\/wp\/v2\/posts\/28531\/revisions\/28534"}],"wp:attachment":[{"href":"https:\/\/mmmblog.de\/index.php?rest_route=%2Fwp%2Fv2%2Fmedia&parent=28531"}],"wp:term":[{"taxonomy":"category","embeddable":true,"href":"https:\/\/mmmblog.de\/index.php?rest_route=%2Fwp%2Fv2%2Fcategories&post=28531"},{"taxonomy":"post_tag","embeddable":true,"href":"https:\/\/mmmblog.de\/index.php?rest_route=%2Fwp%2Fv2%2Ftags&post=28531"}],"curies":[{"name":"wp","href":"https:\/\/api.w.org\/{rel}","templated":true}]}}