{"id":28583,"date":"2026-01-26T16:14:40","date_gmt":"2026-01-26T15:14:40","guid":{"rendered":"https:\/\/mmmblog.de\/?p=28583"},"modified":"2026-01-26T16:14:40","modified_gmt":"2026-01-26T15:14:40","slug":"fuer-drei-von-vier-deutschen-kommt-tesla-nicht-infrage","status":"publish","type":"post","link":"https:\/\/mmmblog.de\/?p=28583","title":{"rendered":"F\u00fcr drei von vier Deutschen kommt Tesla nicht infrage"},"content":{"rendered":"<figure id=\"attachment_28584\" aria-describedby=\"caption-attachment-28584\" style=\"width: 400px\" class=\"wp-caption alignleft\"><img data-recalc-dims=\"1\" loading=\"lazy\" decoding=\"async\" class=\"wp-image-28584 size-full\" src=\"https:\/\/i0.wp.com\/mmmblog.de\/wp-content\/uploads\/2026\/01\/813693_web_R_by_fotoART-by-Thommy-Weiss_pixelio.de_.jpg?resize=400%2C145&#038;ssl=1\" alt=\"\" width=\"400\" height=\"145\" srcset=\"https:\/\/i0.wp.com\/mmmblog.de\/wp-content\/uploads\/2026\/01\/813693_web_R_by_fotoART-by-Thommy-Weiss_pixelio.de_.jpg?w=400&amp;ssl=1 400w, https:\/\/i0.wp.com\/mmmblog.de\/wp-content\/uploads\/2026\/01\/813693_web_R_by_fotoART-by-Thommy-Weiss_pixelio.de_.jpg?resize=300%2C109&amp;ssl=1 300w\" sizes=\"auto, (max-width: 400px) 100vw, 400px\" \/><figcaption id=\"caption-attachment-28584\" class=\"wp-caption-text\">fotoART by Thommy Weiss \/ pixelio.de<\/figcaption><\/figure>\n<p><strong>Trotz steigender Nachfrage nach E-Autos k\u00f6nnen sich nur noch wenige Deutsche vorstellen, einen Tesla zu kaufen. Das zeigt eine Befragung des Instituts der deutschen Wirtschaft (IW) in Zusammenarbeit mit der Forschungsgruppe REXKLIMA (TU Dresden).<\/strong><\/p>\n<p>Mehr als 75 Prozent der deutschen Bev\u00f6lkerung lehnen grunds\u00e4tzlich ab, ein Elektroauto des US-Herstellers Tesla zu kaufen. Das zeigen Zahlen aus der IW-Personenbefragung, f\u00fcr die im vergangenen Sommer 1.781 Personen befragt worden sind. Demnach kommt f\u00fcr fast 60 Prozent der Deutschen der Kauf eines E-Autos von Tesla \u00fcberhaupt nicht in Frage, f\u00fcr gut 16 Prozent eher nicht.<\/p>\n<p>Besonders gering ist die Kaufbereitschaft bei Gr\u00fcnen-Anh\u00e4ngern. Deutsche Hersteller profitieren davon. Fast 40 Prozent k\u00f6nnen sich vorstellen, das Modell eines deutschen Autobauers zu kaufen, nur etwa 42 Prozent lehnen den Kauf ab. Knapp jeder Vierte erw\u00e4gt den Kauf eines Modells eines chinesischen Herstellers. Selbst der gr\u00f6\u00dfte Elektroauto-Hersteller der Welt, der chinesische Konzern BYD, kam im letzten Jahr jedoch nur auf zwei Prozent der Neuzulassungen in Deutschland.<\/p>\n<p>Die Parteienpr\u00e4ferenz hat einen starken Einfluss auf die Kaufabsicht f\u00fcr ein Elektroauto. Er ist st\u00e4rker als der von Alter, Einkommen oder dem Wohnort. Unter Gr\u00fcnen-Anh\u00e4ngern ist die Bereitschaft, ein Elektroauto zu kaufen, mit rund 64 Prozent am h\u00f6chsten. Ein Tesla kommt f\u00fcr sie jedoch kaum infrage: Nur etwa jeder Zehnte kann sich den Kauf eines Modells des US-Herstellers vorstellen. Etwa 22 Prozent der Gr\u00fcnen-Anh\u00e4nger geben an, bereits ein Elektroauto oder Plug-in-Hybrid zu besitzen.<\/p>\n<p>Selbst unter AfD-Anh\u00e4ngern kann Tesla nicht von der Tatsache profitieren, dass Tesla-Eigner Elon Musk offenen diese Partei unterst\u00fctzt. F\u00fcr nicht mal 15 Prozent der Parteianh\u00e4nger kommt ein Tesla in Frage. Allerdings st\u00f6\u00dft die Elektromobilit\u00e4t in dieser Gruppe insgesamt auf wenig Zustimmung. Nicht einmal jeder F\u00fcnfte kann sich den Kauf eines Elektroautos vorstellen, mehr als zwei Drittel lehnen einen Kauf grunds\u00e4tzlich ab.<\/p>\n<p>\u201eElon Musk hat sich auf dem europ\u00e4ischen Markt seine Zielgruppe verprellt. Diese L\u00fccke f\u00fcllen nun deutsche Hersteller\u201c, sagt IW-Experte Matthias Diermeier. Ausschlaggebend f\u00fcr den Kauf eines Elektroautos sind weiterhin die politischen Einstellungen des K\u00e4ufers: \u201eDie Elektromobilit\u00e4t ist neben Windr\u00e4dern und W\u00e4rmepumpen ein weiteres Beispiel f\u00fcr die parteipolitische Aufladung von Klimapolitik in Deutschland.\u201c<\/p>\n<p>Die Auswertungen basieren auf der IW-Personenbefragung im Auftrag des Instituts der deutschen Wirtschaft. \u00dcber das Online-Access-Panel von Bilendi &amp; respondi wurden insgesamt 5.392 Menschen ab 18 Jahren in Deutschland im Rahmen einer Mehrthemen-Umfrage online zwischen dem 25. Juni und dem 3. Juli 2025 befragt. Die Befragung ist quotenrepr\u00e4sentativ in den Merkmalen Einkommen, Wohnort nach Bundesland und Geschlecht und Alter.<\/p>\n<p>Hier gehts zur <a href=\"https:\/\/www.iwkoeln.de\/studien\/matthias-diermeier-thomas-puls-parteipraeferenzen-praegend-fuer-die-kaufabsicht.html\">Studie<\/a>.<\/p>\n","protected":false},"excerpt":{"rendered":"<p>Trotz steigender Nachfrage nach E-Autos k\u00f6nnen sich nur noch wenige Deutsche vorstellen, einen Tesla zu kaufen. Das zeigt eine Befragung des Instituts der deutschen Wirtschaft (IW) in Zusammenarbeit mit der Forschungsgruppe REXKLIMA (TU Dresden). Mehr als 75 Prozent der deutschen Bev\u00f6lkerung lehnen grunds\u00e4tzlich ab, ein Elektroauto des US-Herstellers Tesla zu kaufen. Das zeigen Zahlen aus&hellip; <a class=\"more-link\" href=\"https:\/\/mmmblog.de\/?p=28583\">Continue reading &rarr;<\/a><\/p>\n","protected":false},"author":2,"featured_media":0,"comment_status":"open","ping_status":"closed","sticky":false,"template":"","format":"standard","meta":{"advanced_seo_description":"","jetpack_seo_html_title":"","jetpack_seo_noindex":false,"jetpack_post_was_ever_published":false,"_jetpack_newsletter_access":"","_jetpack_dont_email_post_to_subs":false,"_jetpack_newsletter_tier_id":0,"_jetpack_memberships_contains_paywalled_content":false,"_jetpack_memberships_contains_paid_content":false,"footnotes":"","jetpack_publicize_message":"","jetpack_publicize_feature_enabled":true,"jetpack_social_post_already_shared":true,"jetpack_social_options":{"image_generator_settings":{"template":"highway","default_image_id":0,"font":"","enabled":false},"version":2}},"categories":[1,4,5,6,7,604,13],"tags":[749,1125,658,1024,1124],"class_list":["post-28583","post","type-post","status-publish","format-standard","hentry","category-allgemein","category-manager-und-ethik","category-markte","category-medien","category-moneten","category-wirtschaft","category-zettelkasten","tag-afd","tag-elektroauto","tag-elektromobilitaet","tag-musk","tag-tesla"],"jetpack_publicize_connections":[],"jetpack_featured_media_url":"","jetpack_sharing_enabled":true,"jetpack_shortlink":"https:\/\/wp.me\/paO4gW-7r1","jetpack_likes_enabled":true,"jetpack-related-posts":[{"id":782,"url":"https:\/\/mmmblog.de\/?p=782","url_meta":{"origin":28583,"position":0},"title":"Abwrackpr\u00e4me &#8211; eine doppelte Mogelpackung","author":"rolf","date":"26. M\u00e4rz 2009","format":false,"excerpt":"Die Bundesregierung st\u00fctzt die angeschlagenen Autobauer noch bis Jahresende mit einer Verl\u00e4ngerung der Abwrackpr\u00e4mie. Das kostet Finanzminister Peer Steinbr\u00fcck nochmal mindestens eine Milliarde. Ein populistisches Wahlkampfgeschenk mit zweifelhafter Wirkung - und obendrein eine doppelte Mogelpackung. Keine einzige Einzelma\u00dfnahme aus dem gigantischen Konjunkturpaket, das die Bundesregierung Ende vergangenen Jahres geschn\u00fcrt hat,\u2026","rel":"","context":"In &quot;M\u00e4rkte&quot;","block_context":{"text":"M\u00e4rkte","link":"https:\/\/mmmblog.de\/?cat=5"},"img":{"alt_text":"","src":"","width":0,"height":0},"classes":[]},{"id":28451,"url":"https:\/\/mmmblog.de\/?p=28451","url_meta":{"origin":28583,"position":1},"title":"Jedes siebte Patent stammt von Zuwanderern","author":"rolf","date":"13. Oktober 2025","format":false,"excerpt":"Hier kommt wieder mal eine Nachricht, die vermutlich alle AfD-W\u00e4hler und sonstige xenophoben Idioten da drau\u00dfen \u00e4rgern wird. Denn sie stammt aus einer seri\u00f6sen Quelle, die man schlecht als linksversifft denunzieren kann. Eine neue Auswertung des arbeitgebernahen Instituts der deutschen Wirtschaft (IW) zeigt: Jede siebte Erfindung hierzulande stammt von zugewanderten\u2026","rel":"","context":"In &quot;Manager und Ethik&quot;","block_context":{"text":"Manager und Ethik","link":"https:\/\/mmmblog.de\/?cat=4"},"img":{"alt_text":"","src":"https:\/\/i0.wp.com\/mmmblog.de\/wp-content\/uploads\/2025\/10\/603290_web_R_by_Wolfgang-Dirscherl_pixelio.de_.jpg?resize=350%2C200&ssl=1","width":350,"height":200},"classes":[]},{"id":28732,"url":"https:\/\/mmmblog.de\/?p=28732","url_meta":{"origin":28583,"position":2},"title":"Remigration k\u00f6nnen nur Idioten fordern","author":"rolf","date":"6. April 2026","format":false,"excerpt":"Rund 80 Prozent der in Deutschland lebenden Syrerinnen und Syrer sollen in ihr Heimatland zur\u00fcckkehren, so zitierte Friedrich Merz vor einigen Tagen den Wunsch des syrischen Pr\u00e4sidenten Ahmed al-Scharaa. Mehr als ein Jahrzehnt nach der gro\u00dfen Fluchtwelle h\u00e4tte eine R\u00fcckkehr im gro\u00dfen Stil allerdings Folgen f\u00fcr den deutschen Arbeitsmarkt, zeigen\u2026","rel":"","context":"In &quot;Wirtschaft&quot;","block_context":{"text":"Wirtschaft","link":"https:\/\/mmmblog.de\/?cat=604"},"img":{"alt_text":"","src":"https:\/\/i0.wp.com\/mmmblog.de\/wp-content\/uploads\/2026\/04\/324714_web_R_K_B_by_by-sassi_pixelio.de_.jpg?resize=350%2C200&ssl=1","width":350,"height":200},"classes":[]},{"id":6851,"url":"https:\/\/mmmblog.de\/?p=6851","url_meta":{"origin":28583,"position":3},"title":"Wenn viele Idioten gr0\u00dfe Idioten w\u00e4hlen","author":"rolf","date":"24. August 2024","format":false,"excerpt":"In Th\u00fcringen und in Sachsen wird am kommenden Sonntag gew\u00e4hlt, am 22. September folgt Brandenburg. Den extremistischen Parteien AfD und BSW (B\u00fcndnis Sahra Wagenknecht) werden starke Zuw\u00e4chse vorausgesagt - auch weil sie permanent Stimmung gegen Zuwanderung machen. Man kann auch sagen: Viele Idioten werden gro\u00dfe Idioten w\u00e4hlen - und sich\u2026","rel":"","context":"In &quot;Wirtschaft&quot;","block_context":{"text":"Wirtschaft","link":"https:\/\/mmmblog.de\/?cat=604"},"img":{"alt_text":"","src":"https:\/\/i0.wp.com\/mmmblog.de\/wp-content\/uploads\/2024\/08\/422131_web_R_K_by_Holger-Lang_pixelio.de_.jpg?resize=350%2C200&ssl=1","width":350,"height":200},"classes":[]},{"id":4194,"url":"https:\/\/mmmblog.de\/?p=4194","url_meta":{"origin":28583,"position":4},"title":"IW-Konjunkturprognose: Kein Aufschwung in Sicht","author":"rolf","date":"27. M\u00e4rz 2023","format":false,"excerpt":"Die deutsche Wirtschaft hat das Krisenjahr 2022 besser \u00fcberstanden als zun\u00e4chst bef\u00fcrchtet. Doch Unsicherheit, Inflation und hohe Energiekosten belasten den Aufschwung: F\u00fcr 2023 rechnet das arbeitgermernahe Institut der deutschen Wirtschaft (IW) in K\u00f6ln mit einem Wirtschaftswachstum von lediglich einem Viertelprozent. \u00a0 \u00a0 Nach dem ersten Schock hat sich Deutschland 2022\u2026","rel":"","context":"In &quot;M\u00e4rkte&quot;","block_context":{"text":"M\u00e4rkte","link":"https:\/\/mmmblog.de\/?cat=5"},"img":{"alt_text":"","src":"https:\/\/i0.wp.com\/mmmblog.de\/wp-content\/uploads\/2023\/03\/615340_web_R_by_Rolf-Wenkel_pixelio.de1_.jpg?resize=350%2C200&ssl=1","width":350,"height":200},"classes":[]},{"id":4039,"url":"https:\/\/mmmblog.de\/?p=4039","url_meta":{"origin":28583,"position":5},"title":"Deutschland in der Rezession","author":"rolf","date":"14. Dezember 2022","format":false,"excerpt":"Die deutsche Wirtschaft rutscht in eine Rezession. Nachdem das reale Bruttoinlandsprodukt (BIP) im Jahr 2022 vermutlich um mehr als 1,5 Prozent gewachsen ist, wird die Wirtschaftsleistung im Jahr 2023 um rund 0,75Prozent sinken, zeigt die neue Konjunkturprognose des arbeitgebernahen Instituts der deutschen Wirtschaft (IW) in K\u00f6ln. Dagegen glaubt das M\u00fcnchener\u2026","rel":"","context":"In &quot;M\u00e4rkte&quot;","block_context":{"text":"M\u00e4rkte","link":"https:\/\/mmmblog.de\/?cat=5"},"img":{"alt_text":"","src":"https:\/\/i0.wp.com\/mmmblog.de\/wp-content\/uploads\/2022\/12\/IMG_0798Quadrat-scaled.jpg?resize=350%2C200&ssl=1","width":350,"height":200,"srcset":"https:\/\/i0.wp.com\/mmmblog.de\/wp-content\/uploads\/2022\/12\/IMG_0798Quadrat-scaled.jpg?resize=350%2C200&ssl=1 1x, https:\/\/i0.wp.com\/mmmblog.de\/wp-content\/uploads\/2022\/12\/IMG_0798Quadrat-scaled.jpg?resize=525%2C300&ssl=1 1.5x, https:\/\/i0.wp.com\/mmmblog.de\/wp-content\/uploads\/2022\/12\/IMG_0798Quadrat-scaled.jpg?resize=700%2C400&ssl=1 2x, https:\/\/i0.wp.com\/mmmblog.de\/wp-content\/uploads\/2022\/12\/IMG_0798Quadrat-scaled.jpg?resize=1050%2C600&ssl=1 3x, https:\/\/i0.wp.com\/mmmblog.de\/wp-content\/uploads\/2022\/12\/IMG_0798Quadrat-scaled.jpg?resize=1400%2C800&ssl=1 4x"},"classes":[]}],"_links":{"self":[{"href":"https:\/\/mmmblog.de\/index.php?rest_route=\/wp\/v2\/posts\/28583","targetHints":{"allow":["GET"]}}],"collection":[{"href":"https:\/\/mmmblog.de\/index.php?rest_route=\/wp\/v2\/posts"}],"about":[{"href":"https:\/\/mmmblog.de\/index.php?rest_route=\/wp\/v2\/types\/post"}],"author":[{"embeddable":true,"href":"https:\/\/mmmblog.de\/index.php?rest_route=\/wp\/v2\/users\/2"}],"replies":[{"embeddable":true,"href":"https:\/\/mmmblog.de\/index.php?rest_route=%2Fwp%2Fv2%2Fcomments&post=28583"}],"version-history":[{"count":1,"href":"https:\/\/mmmblog.de\/index.php?rest_route=\/wp\/v2\/posts\/28583\/revisions"}],"predecessor-version":[{"id":28585,"href":"https:\/\/mmmblog.de\/index.php?rest_route=\/wp\/v2\/posts\/28583\/revisions\/28585"}],"wp:attachment":[{"href":"https:\/\/mmmblog.de\/index.php?rest_route=%2Fwp%2Fv2%2Fmedia&parent=28583"}],"wp:term":[{"taxonomy":"category","embeddable":true,"href":"https:\/\/mmmblog.de\/index.php?rest_route=%2Fwp%2Fv2%2Fcategories&post=28583"},{"taxonomy":"post_tag","embeddable":true,"href":"https:\/\/mmmblog.de\/index.php?rest_route=%2Fwp%2Fv2%2Ftags&post=28583"}],"curies":[{"name":"wp","href":"https:\/\/api.w.org\/{rel}","templated":true}]}}