{"id":3153,"date":"2015-11-06T11:45:15","date_gmt":"2015-11-06T09:45:15","guid":{"rendered":"http:\/\/mmmblog.de\/?p=3153"},"modified":"2016-02-19T18:50:46","modified_gmt":"2016-02-19T16:50:46","slug":"neues-buzzword-fog-computing","status":"publish","type":"post","link":"https:\/\/mmmblog.de\/?p=3153","title":{"rendered":"Neues Buzzword: Fog-Computing"},"content":{"rendered":"<figure id=\"attachment_3154\" aria-describedby=\"caption-attachment-3154\" style=\"width: 598px\" class=\"wp-caption alignleft\"><a href=\"https:\/\/i0.wp.com\/mmmblog.de\/wp-content\/uploads\/2015\/11\/746737_original_R_K_by_Peter-Hill_pixelio.de_.jpg?ssl=1\"><img data-recalc-dims=\"1\" loading=\"lazy\" decoding=\"async\" class=\"size-full wp-image-3154\" alt=\"Foto: Peter Hill \/ pixelio.de\" src=\"https:\/\/i0.wp.com\/mmmblog.de\/wp-content\/uploads\/2015\/11\/746737_original_R_K_by_Peter-Hill_pixelio.de_.jpg?resize=598%2C396&#038;ssl=1\" width=\"598\" height=\"396\" srcset=\"https:\/\/i0.wp.com\/mmmblog.de\/wp-content\/uploads\/2015\/11\/746737_original_R_K_by_Peter-Hill_pixelio.de_.jpg?w=598&amp;ssl=1 598w, https:\/\/i0.wp.com\/mmmblog.de\/wp-content\/uploads\/2015\/11\/746737_original_R_K_by_Peter-Hill_pixelio.de_.jpg?resize=300%2C198&amp;ssl=1 300w\" sizes=\"auto, (max-width: 598px) 100vw, 598px\" \/><\/a><figcaption id=\"caption-attachment-3154\" class=\"wp-caption-text\">Foto: Peter Hill \/ pixelio.de<\/figcaption><\/figure>\n<p>Leute, wenn es nach dem CeBIT-Veranstalter Messe AG in Hannover geht, m\u00fcssen wieder ein neues Wort lernen: Das Computern im Nebel. Die Messe AG in Hannover erkl\u00e4rt das so: &#8222;50 Milliarden Ger\u00e4te sollen laut einer Cisco-Studie im Jahr 2020 mit dem Internet verbunden sein, vom hallengro\u00dfen computergesteuerten G\u00e4rtank einer Gro\u00dfb\u00e4ckerei bis hin zur quasi-intelligenten T\u00fcrklinke. Alle diese Ger\u00e4te erzeugen Daten und werden in naher Zukunft den Menschen als gr\u00f6\u00dften Datenproduzenten abl\u00f6sen.<!--more--> F\u00fcr viele dieser Daten ist die Cloud der richtige Partner. Weil viele IoT-Ger\u00e4te klein sind, mit wenig Strom auskommen m\u00fcssen und sehr eng definierte Funktionen haben, ben\u00f6tigen sie sozusagen einen \u201egro\u00dfen Bruder\u201c, der ihnen \u201erichtige\u201c Rechenleistung zur Verf\u00fcgung stellt. Das erledigt die Cloud perfekt. Doch wenn Informationen nur lokal und f\u00fcr kurze Zeit gebraucht werden, sieht die Situation anders aus. Solche Daten m\u00fcssen schnell und am besten vor Ort verarbeitet werden. Eine Speicherung der Daten ist nicht n\u00f6tig.<\/p>\n<p>In so einem Fall bietet Fog Computing die richtige L\u00f6sung. Die Technik, fr\u00fcher auch als Edge Computing bezeichnet, verarbeitet Daten nicht zentral, sondern an den R\u00e4ndern des Netzwerkes. Weil die Rechenleistung und der Strombedarf von Prozessoren in den letzten Jahren extrem verbessert wurden, sind heute sehr kleine Computer in der Lage, komplexe Berechnungen durchzuf\u00fchren. Ein Beispiel f\u00fcr ein m\u00f6gliches Fog-Computing-Szenario ist die zuk\u00fcnftige Car-2-Car- Kommunikation bei Notf\u00e4llen. Wenn ein Fahrzeug auf der Autobahn eine Notbremsung einleitet, sollten andere Fahrzeuge im Umkreis einiger hundert Meter dar\u00fcber informiert werden, um Auffahrunf\u00e4lle zu vermeiden. Die Beschleunigungsdaten erst durch die Cloud zu einem Rechenzentrum zu schicken, dann alle relevanten Fahrzeuge zu bestimmen und die Informationen an diese zur\u00fcckzugeben, ist zu aufw\u00e4ndig. Hier muss die Datenverarbeitung mit den entsprechenden Konsequenzen \u2013die Benachrichtigung benachbarter Fahrzeuge \u2013 durch lokale Rechenleistung erfolgen.<\/p>\n<p>\nUnabh\u00e4ngig von tats\u00e4chlichen Einsatzf\u00e4llen kann man sich Fog Computing wie eine zus\u00e4tzliche virtualisierte Schicht zwischen Datenerzeuger und Cloud vorstellen. Es ist eine lokale Entscheidungs- und Verarbeitungsebene, die nachgeordnete Instanzen entlastet. Diese Schicht bereitet Daten nach vorgegebenen Regeln auf und verbessert dadurch die Antwortzeiten, reduziert den Bandbreitenbedarf f\u00fcr eventuell n\u00f6tige Cloud-Verbindungen und verringert die ben\u00f6tigte Speicherkapazit\u00e4t im Rechenzentrum.&#8220;<\/p>\n<p>Leute, das habe sogar ich verstanden! <\/p>\n<p>Foto: Peter Hill \/ pixelio.de<\/p>\n","protected":false},"excerpt":{"rendered":"<p>Leute, wenn es nach dem CeBIT-Veranstalter Messe AG in Hannover geht, m\u00fcssen wieder ein neues Wort lernen: Das Computern im Nebel. Die Messe AG in Hannover erkl\u00e4rt das so: &#8222;50 Milliarden Ger\u00e4te sollen laut einer Cisco-Studie im Jahr 2020 mit dem Internet verbunden sein, vom hallengro\u00dfen computergesteuerten G\u00e4rtank einer Gro\u00dfb\u00e4ckerei bis hin zur quasi-intelligenten T\u00fcrklinke.&hellip; <a class=\"more-link\" href=\"https:\/\/mmmblog.de\/?p=3153\">Continue reading &rarr;<\/a><\/p>\n","protected":false},"author":2,"featured_media":0,"comment_status":"closed","ping_status":"closed","sticky":false,"template":"","format":"standard","meta":{"advanced_seo_description":"","jetpack_seo_html_title":"","jetpack_seo_noindex":false,"jetpack_post_was_ever_published":false,"_jetpack_newsletter_access":"","_jetpack_dont_email_post_to_subs":false,"_jetpack_newsletter_tier_id":0,"_jetpack_memberships_contains_paywalled_content":false,"_jetpack_memberships_contains_paid_content":false,"footnotes":"","jetpack_publicize_message":"","jetpack_publicize_feature_enabled":true,"jetpack_social_post_already_shared":false,"jetpack_social_options":{"image_generator_settings":{"template":"highway","default_image_id":0,"font":"","enabled":false},"version":2}},"categories":[9,13],"tags":[369,368,362,363,367,364,147,370,365,366],"class_list":["post-3153","post","type-post","status-publish","format-standard","hentry","category-netzkultur","category-zettelkasten","tag-bandbreite","tag-car-2-car","tag-cebit","tag-cluod","tag-daten","tag-fog-computing","tag-kommunikation","tag-messe-ag","tag-rechenzentren","tag-wolke"],"jetpack_publicize_connections":[],"jetpack_featured_media_url":"","jetpack_sharing_enabled":true,"jetpack_shortlink":"https:\/\/wp.me\/paO4gW-OR","jetpack_likes_enabled":true,"jetpack-related-posts":[{"id":751,"url":"https:\/\/mmmblog.de\/?p=751","url_meta":{"origin":3153,"position":0},"title":"Slow down","author":"rolf","date":"7. M\u00e4rz 2009","format":false,"excerpt":"Die globale Wirtschaftskrise geht auch an der weltgr\u00f6\u00dften Computermesse, der CeBIT in Hannover, nicht spurlos vorbei: es sind rund 1500 Aussteller weniger als 2008. Hier geht's weiter","rel":"","context":"In &quot;M\u00e4rkte&quot;","block_context":{"text":"M\u00e4rkte","link":"https:\/\/mmmblog.de\/?cat=5"},"img":{"alt_text":"Muss auch Microsoft sparen auf der CeBIT","src":"https:\/\/i0.wp.com\/mmmblog.de\/wp\/wp-content\/uploads\/2009\/03\/zelt.jpg?resize=350%2C200","width":350,"height":200},"classes":[]},{"id":2126,"url":"https:\/\/mmmblog.de\/?p=2126","url_meta":{"origin":3153,"position":1},"title":"Drohnen am Himmel","author":"rolf","date":"26. M\u00e4rz 2012","format":false,"excerpt":"Auf der CeBIT in Hannover war es in diesem Jahr ein echter Hingucker: Ein kleiner Quadrokopter, der durch die Messehalle fliegt und 3D-Bilder an einen Monitor ausgibt. Auch Fernsehstationen beginnen, diese unbemannten Bildlieferanten zu nutzen, wie dieses Video zeigt: Milit\u00e4rs setzen diese Dinger schon lange ein, die Polizei mittlerweile auch.\u2026","rel":"","context":"In &quot;M\u00e4rkte&quot;","block_context":{"text":"M\u00e4rkte","link":"https:\/\/mmmblog.de\/?cat=5"},"img":{"alt_text":"","src":"","width":0,"height":0},"classes":[]},{"id":1892,"url":"https:\/\/mmmblog.de\/?p=1892","url_meta":{"origin":3153,"position":2},"title":"Barcelonas alte Messe","author":"rolf","date":"21. Februar 2011","format":false,"excerpt":"Zum ersten mal in meinem Leben habe ich mir die Handymesse in Barcelona angeschaut, die sich Mobile World Congress nennt und die der CeBIT den ganzen Bereich der mobilen Kommunikation abknabbert. 1 300 Aussteller, 60 000 Besucher, kein Hotelbett mehr frei in dieser Zeit. Hier ein Blick ins Pressezentrum, das\u2026","rel":"","context":"In &quot;M\u00e4rkte&quot;","block_context":{"text":"M\u00e4rkte","link":"https:\/\/mmmblog.de\/?cat=5"},"img":{"alt_text":"Blick ins Media Centre","src":"https:\/\/i0.wp.com\/mmmblog.de\/wp-content\/uploads\/2011\/02\/firabarcelona.jpg?resize=350%2C200","width":350,"height":200},"classes":[]},{"id":744,"url":"https:\/\/mmmblog.de\/?p=744","url_meta":{"origin":3153,"position":3},"title":"Fingerzeig","author":"rolf","date":"7. M\u00e4rz 2009","format":false,"excerpt":"Die Fernbedienung der Zukunft ist der Finger, sagen Wissenschaftler der Fraunhofer-Gesellschaft. Sie zeigen auf der CeBIT, dass simple Gesten zum Steuern gen\u00fcgen. Ohne Ber\u00fchrung, 3D-Brille oder Datenhandschuhe. Hier geht's weiter","rel":"","context":"In &quot;Zettelkasten&quot;","block_context":{"text":"Zettelkasten","link":"https:\/\/mmmblog.de\/?cat=13"},"img":{"alt_text":"","src":"https:\/\/i0.wp.com\/mmmblog.de\/wp\/wp-content\/uploads\/2009\/03\/schaedel.jpg?resize=350%2C200","width":350,"height":200},"classes":[]},{"id":10642,"url":"https:\/\/mmmblog.de\/?p=10642","url_meta":{"origin":3153,"position":4},"title":"Raus aus der Trump-Zone!","author":"rolf","date":"13. April 2025","format":false,"excerpt":"Wer im Internet surft, hinterl\u00e4sst Spuren, die die Proivider gerne f\u00fcr ihre Zwecke verwerten. Die Unternehmen sitzen oft in den USA, und ihre Chefs haben bereitwillig f\u00fcr den Horrorclown im Wei\u00dfen Haus gespendet. H\u00f6chste Zeit, sich unabh\u00e4ngiger von den US-Techs zu machen - und das geht! \u00a0 \u201eAugen auf und\u2026","rel":"","context":"In &quot;Allgemein&quot;","block_context":{"text":"Allgemein","link":"https:\/\/mmmblog.de\/?cat=1"},"img":{"alt_text":"","src":"https:\/\/i0.wp.com\/mmmblog.de\/wp-content\/uploads\/2025\/04\/Bild-018.jpg?resize=350%2C200&ssl=1","width":350,"height":200,"srcset":"https:\/\/i0.wp.com\/mmmblog.de\/wp-content\/uploads\/2025\/04\/Bild-018.jpg?resize=350%2C200&ssl=1 1x, https:\/\/i0.wp.com\/mmmblog.de\/wp-content\/uploads\/2025\/04\/Bild-018.jpg?resize=525%2C300&ssl=1 1.5x, https:\/\/i0.wp.com\/mmmblog.de\/wp-content\/uploads\/2025\/04\/Bild-018.jpg?resize=700%2C400&ssl=1 2x, https:\/\/i0.wp.com\/mmmblog.de\/wp-content\/uploads\/2025\/04\/Bild-018.jpg?resize=1050%2C600&ssl=1 3x, https:\/\/i0.wp.com\/mmmblog.de\/wp-content\/uploads\/2025\/04\/Bild-018.jpg?resize=1400%2C800&ssl=1 4x"},"classes":[]},{"id":3182,"url":"https:\/\/mmmblog.de\/?p=3182","url_meta":{"origin":3153,"position":5},"title":"Plattform\u00f6konomie","author":"rolf","date":"14. Dezember 2015","format":false,"excerpt":"Da jubelt der deutsche Branchenverband f\u00fcr die IT-Industrie, Bitkom: \"Ob Computerspezialist, Nachhilfelehrer oder Putzhilfe: Dienstleistungen rund um den Haushalt werden k\u00fcnftig h\u00e4ufiger \u00fcber das Internet organisiert. Das zeigt eine repr\u00e4sentative Befragung im Auftrag des Digitalverbands Bitkom unter 1.135 Internetnutzern ab 14 Jahren. Demnach kann sich fast die H\u00e4lfte der Befragten\u2026","rel":"","context":"In &quot;Manager und Ethik&quot;","block_context":{"text":"Manager und Ethik","link":"https:\/\/mmmblog.de\/?cat=4"},"img":{"alt_text":"Money, money, money","src":"https:\/\/i0.wp.com\/mmmblog.de\/wp-content\/uploads\/2015\/12\/moneymyself.jpg?resize=350%2C200","width":350,"height":200},"classes":[]}],"_links":{"self":[{"href":"https:\/\/mmmblog.de\/index.php?rest_route=\/wp\/v2\/posts\/3153","targetHints":{"allow":["GET"]}}],"collection":[{"href":"https:\/\/mmmblog.de\/index.php?rest_route=\/wp\/v2\/posts"}],"about":[{"href":"https:\/\/mmmblog.de\/index.php?rest_route=\/wp\/v2\/types\/post"}],"author":[{"embeddable":true,"href":"https:\/\/mmmblog.de\/index.php?rest_route=\/wp\/v2\/users\/2"}],"replies":[{"embeddable":true,"href":"https:\/\/mmmblog.de\/index.php?rest_route=%2Fwp%2Fv2%2Fcomments&post=3153"}],"version-history":[{"count":0,"href":"https:\/\/mmmblog.de\/index.php?rest_route=\/wp\/v2\/posts\/3153\/revisions"}],"wp:attachment":[{"href":"https:\/\/mmmblog.de\/index.php?rest_route=%2Fwp%2Fv2%2Fmedia&parent=3153"}],"wp:term":[{"taxonomy":"category","embeddable":true,"href":"https:\/\/mmmblog.de\/index.php?rest_route=%2Fwp%2Fv2%2Fcategories&post=3153"},{"taxonomy":"post_tag","embeddable":true,"href":"https:\/\/mmmblog.de\/index.php?rest_route=%2Fwp%2Fv2%2Ftags&post=3153"}],"curies":[{"name":"wp","href":"https:\/\/api.w.org\/{rel}","templated":true}]}}