{"id":3645,"date":"2019-02-22T17:42:30","date_gmt":"2019-02-22T16:42:30","guid":{"rendered":"http:\/\/mmmblog.de\/?p=3645"},"modified":"2019-02-22T17:42:30","modified_gmt":"2019-02-22T16:42:30","slug":"die-fetten-jahre-und-die-schwarze-null","status":"publish","type":"post","link":"https:\/\/mmmblog.de\/?p=3645","title":{"rendered":"Die fetten Jahre und die schwarze Null"},"content":{"rendered":"<figure id=\"attachment_3646\" aria-describedby=\"caption-attachment-3646\" style=\"width: 513px\" class=\"wp-caption alignleft\"><img data-recalc-dims=\"1\" loading=\"lazy\" decoding=\"async\" class=\" wp-image-3646\" src=\"https:\/\/i0.wp.com\/mmmblog.de\/wp-content\/uploads\/2019\/02\/216570_original_R_B_by_J%C3%BCrgen-Nie%C3%9Fen_pixelio.de_.jpg?resize=513%2C342&#038;ssl=1\" alt=\"\" width=\"513\" height=\"342\" srcset=\"https:\/\/i0.wp.com\/mmmblog.de\/wp-content\/uploads\/2019\/02\/216570_original_R_B_by_J%C3%BCrgen-Nie%C3%9Fen_pixelio.de_.jpg?w=3888&amp;ssl=1 3888w, https:\/\/i0.wp.com\/mmmblog.de\/wp-content\/uploads\/2019\/02\/216570_original_R_B_by_J%C3%BCrgen-Nie%C3%9Fen_pixelio.de_.jpg?resize=300%2C200&amp;ssl=1 300w, https:\/\/i0.wp.com\/mmmblog.de\/wp-content\/uploads\/2019\/02\/216570_original_R_B_by_J%C3%BCrgen-Nie%C3%9Fen_pixelio.de_.jpg?resize=768%2C512&amp;ssl=1 768w, https:\/\/i0.wp.com\/mmmblog.de\/wp-content\/uploads\/2019\/02\/216570_original_R_B_by_J%C3%BCrgen-Nie%C3%9Fen_pixelio.de_.jpg?resize=1024%2C683&amp;ssl=1 1024w, https:\/\/i0.wp.com\/mmmblog.de\/wp-content\/uploads\/2019\/02\/216570_original_R_B_by_J%C3%BCrgen-Nie%C3%9Fen_pixelio.de_.jpg?resize=740%2C493&amp;ssl=1 740w, https:\/\/i0.wp.com\/mmmblog.de\/wp-content\/uploads\/2019\/02\/216570_original_R_B_by_J%C3%BCrgen-Nie%C3%9Fen_pixelio.de_.jpg?w=1480&amp;ssl=1 1480w, https:\/\/i0.wp.com\/mmmblog.de\/wp-content\/uploads\/2019\/02\/216570_original_R_B_by_J%C3%BCrgen-Nie%C3%9Fen_pixelio.de_.jpg?w=2220&amp;ssl=1 2220w\" sizes=\"auto, (max-width: 513px) 100vw, 513px\" \/><figcaption id=\"caption-attachment-3646\" class=\"wp-caption-text\">Foto: J\u00fcrgen Nie\u00dfen \/ pixelio.de<\/figcaption><\/figure>\n<p>Der Staat hat im vergangenen Jahr dank hoher Steuereinnahmen einen Rekord\u00fcberschuss von 58 Milliarden Euro erzielt. Das hat das Statistische Bundesamt am Freitag in Wiesbaden mitgeteilt &#8211; und damit fr\u00fchere Angaben leicht nach unten korrigiert. Demnach nahm die \u00d6ffentliche Hand (Bund, L\u00e4nder, Gemeinden und Sozialkassen) 1,543 Billionen Euro ein und gab 1,485 Billionen Euro aus. Das ist absolut gesehen immer noch der h\u00f6chste \u00dcberschuss, den der Staat seit der deutschen Wiedervereinigung erzielt hat. Bezogen auf das Bruttoinlandsprodukt in jeweiligen Preisen (3,386 Billionen Euro) ergibt sich daraus f\u00fcr den Staat eine \u00dcberschussquote von 1,7 Prozent.<\/p>\n<p>Die Einnahmen legten im Vergleich zu 2017 mit 4,7 Prozent &#8222;deutlich&#8220; zu, schreiben die Wiesbadener Statistiker, st\u00e4rker als die Ausgaben, die um 3,2 Prozent wuchsen. Zu verdanken war das zum gro\u00dfen Teil den Einkommen- und Verm\u00f6gensteuerzahlungen, sie stiegen um 5,7 Prozent. Die gute Arbeitsmarktlage f\u00fchrte auch zu einem kr\u00e4ftigen Anstieg von 4,3 Prozent bei den Sozialbeitr\u00e4gen. Den h\u00f6chsten \u00dcberschuss erzielte laut Statistik der Bund mit 17,9 Milliarden Euro. Die Sozialversicherungen schlossen das Jahr mit einem Plus von 14,9 Milliarden Euro ab. Den Kommunen blieb ein \u00dcberschuss von 14,0 Milliarden Euro, den L\u00e4ndern 11,1 Milliarden Euro.<\/p>\n<p>Finanzminister Olaf Scholz (SPD) hatte zu Jahresbeginn gesagt, die &#8222;fetten Jahre&#8220; seien vorbei. Wie passt das zusammen? Wir sind zwar auf der Liste der reichsten L\u00e4nder auf Platz vier und haben einen gigantischen Export\u00fcberschuss, aber Olaf Scholz wird doch sicher einen Grund haben, den Zeigefinger zu erheben? Und tats\u00e4chlich: Trotz Rekordeinnahmen des Staates wird demn\u00e4chst vermutlich wieder ein Loch im Haushalt des Bundes klaffen. Neben einer abflauenden Konjunktur und abgesenkten Wachstumsprognosen (von 1,8 auf 1,0 Prozent bis 2020), was die Steuereinnahmen nicht mehr so \u00fcppig sprudeln lassen wird, schlagen auch Milliardenprojekte der gro\u00dfen Koalition zu Buche. In den kommenden Jahren (bis 2023) fehlen nach Angaben des Finanzministeriums 25 Milliarden Euro. Eine Sprecherin von Scholz sagte, die &#8222;schwarze Null&#8220; stehe nicht zur Debatte.<\/p>\n<p>Koalitionskonflikte um das knappe Geld stehen also an, gerade weil weitere Milliardenprojekte wie der Kohleausstieg und h\u00f6here Verteidigungsausgaben geplant sind. Die Unionsparteien planen au\u00dferdem Entlastung von Unternehmen oder die vollst\u00e4ndige Abschaffung des \u201eSoli\u201c. Da ist es wohl an der Zeit, mal wieder einen Kassensturz vorzunehmen. Was geht, was geht nicht? Derzeit wird der Haushalt f\u00fcr 2020 und die Finanzplanung bis 2023 aufgestellt, beides soll vom Kabinett am 20. M\u00e4rz beschlossen werden. Wegen der Engp\u00e4sse darf es neue Ausgaben nur geben, wenn an anderer Stelle von den Ministerien gespart wird. Scholz in der Frankfurter Allgemeinen Sonntagszeitung: &#8222;Wir k\u00f6nnen uns fast alles leisten &#8211; aber nicht alles gleichzeitig.&#8220;<\/p>\n","protected":false},"excerpt":{"rendered":"<p>Der Staat hat im vergangenen Jahr dank hoher Steuereinnahmen einen Rekord\u00fcberschuss von 58 Milliarden Euro erzielt. Das hat das Statistische Bundesamt am Freitag in Wiesbaden mitgeteilt &#8211; und damit fr\u00fchere Angaben leicht nach unten korrigiert. Demnach nahm die \u00d6ffentliche Hand (Bund, L\u00e4nder, Gemeinden und Sozialkassen) 1,543 Billionen Euro ein und gab 1,485 Billionen Euro aus.&hellip; <a class=\"more-link\" href=\"https:\/\/mmmblog.de\/?p=3645\">Continue reading &rarr;<\/a><\/p>\n","protected":false},"author":2,"featured_media":0,"comment_status":"open","ping_status":"closed","sticky":false,"template":"","format":"standard","meta":{"advanced_seo_description":"","jetpack_seo_html_title":"","jetpack_seo_noindex":false,"jetpack_post_was_ever_published":false,"_jetpack_newsletter_access":"","_jetpack_dont_email_post_to_subs":false,"_jetpack_newsletter_tier_id":0,"_jetpack_memberships_contains_paywalled_content":false,"_jetpack_memberships_contains_paid_content":false,"footnotes":"","jetpack_publicize_message":"","jetpack_publicize_feature_enabled":true,"jetpack_social_post_already_shared":false,"jetpack_social_options":{"image_generator_settings":{"template":"highway","default_image_id":0,"font":"","enabled":false},"version":2}},"categories":[5,7,13],"tags":[590,593,594,592,114,148,591,588,589],"class_list":["post-3645","post","type-post","status-publish","format-standard","hentry","category-markte","category-moneten","category-zettelkasten","tag-bund","tag-destatis","tag-exportueberschuss","tag-gemeinden","tag-haushalt","tag-konjunktur","tag-laender","tag-scholz","tag-steuereinnahmen"],"jetpack_publicize_connections":[],"jetpack_featured_media_url":"","jetpack_sharing_enabled":true,"jetpack_shortlink":"https:\/\/wp.me\/paO4gW-WN","jetpack_likes_enabled":true,"jetpack-related-posts":[{"id":3859,"url":"https:\/\/mmmblog.de\/?p=3859","url_meta":{"origin":3645,"position":0},"title":"Umsatzsteuerbetrug im gro\u00dfen Stil?","author":"rolf","date":"22. Januar 2020","format":false,"excerpt":"Die Europ\u00e4ische Union hat einen Handels\u00fcberschuss von 307 Milliarden Euro - und jetzt raten Sie mal, mit wem? Mit sich selbst! Wenn alle Im- und Exporte in den europ\u00e4ischen Statistiken korrekt erfasst w\u00fcrden, m\u00fcsste diese Salden eigentlich null sein. Logisch, oder? Messfehler allein jedoch k\u00f6nnen diese exorbitant gro\u00dfe Abweichung nicht\u2026","rel":"","context":"In &quot;Manager und Ethik&quot;","block_context":{"text":"Manager und Ethik","link":"https:\/\/mmmblog.de\/?cat=4"},"img":{"alt_text":"","src":"https:\/\/i0.wp.com\/mmmblog.de\/wp-content\/uploads\/2020\/01\/806596_web_R_K_B_by_Tim-Reckmann_pixelio.de_.jpg?resize=350%2C200","width":350,"height":200},"classes":[]},{"id":3780,"url":"https:\/\/mmmblog.de\/?p=3780","url_meta":{"origin":3645,"position":1},"title":"Die &#8222;Schwarze Null&#8220; &#8211; ein unn\u00f6tiger Bremsklotz","author":"rolf","date":"27. August 2019","format":false,"excerpt":"Der deutsche Fiskus schwimmt in Geld. Trotz der Konjunkturflaute haben Bund, L\u00e4nder, Gemeinden und Sozialversicherungen im ersten Halbjahr gut 45 Milliarden Euro mehr eingenommen als sie ausgegeben haben, sagt das Statistische Bundesamt. In den ersten sechs Monaten profitierte der Staat von Steuereinnahmen und sprudelnden Sozialbeitr\u00e4gen. Bezogen auf die j\u00e4hrliche Wirtschaftsleistung\u2026","rel":"","context":"In &quot;Haushalt&quot;","block_context":{"text":"Haushalt","link":"https:\/\/mmmblog.de\/?cat=605"},"img":{"alt_text":"","src":"https:\/\/i0.wp.com\/mmmblog.de\/wp-content\/uploads\/2019\/03\/309449_original_R_K_B_by_Frank-Ulbricht_pixelio.de_.jpg?resize=350%2C200","width":350,"height":200},"classes":[]},{"id":3486,"url":"https:\/\/mmmblog.de\/?p=3486","url_meta":{"origin":3645,"position":2},"title":"Keine Zinswende in Sicht","author":"rolf","date":"4. April 2017","format":false,"excerpt":"Entgegen anders lautender Hoffnungen und Vermutungen wird die Europ\u00e4ische Zentralbank in diesem Jahr vermutlich keine Wende in der Geldpolitik einleiten. Zu viele hoch verschuldete Eurol\u00e4nder bek\u00e4men dann n\u00e4mlich Probleme mit ihren exorbitanten Schuldenbergen. \u00a0 \u00a0 Ein Mitglied des EZB-\u00adDirektoriums, der Franzose Benoit Coeure, hat in der ersten Aprilwoche 2017 Regierungen,\u2026","rel":"","context":"In &quot;Manager und Ethik&quot;","block_context":{"text":"Manager und Ethik","link":"https:\/\/mmmblog.de\/?cat=4"},"img":{"alt_text":"Foto: Jorma Bork \/ Pixelio.de","src":"https:\/\/i0.wp.com\/mmmblog.de\/wp-content\/uploads\/2017\/04\/625168_original_R_K_B_by_Jorma-Bork_pixelio.de_.jpg?resize=350%2C200","width":350,"height":200},"classes":[]},{"id":28531,"url":"https:\/\/mmmblog.de\/?p=28531","url_meta":{"origin":3645,"position":3},"title":"Bessere Bildung br\u00e4chte Milliardenrenditen","author":"rolf","date":"15. Dezember 2025","format":false,"excerpt":"Bessere Bildung kann Menschen dazu bef\u00e4higen, sich als selbst\u00e4ndige Individuen an der Gesellschaft zu beteiligen. Sie kann ein gemeinsames Wertesystem und den sozialen Zusammenhalt st\u00e4rken. Au\u00dferdem kann sie der reinen Freude dienen, unser Verst\u00e4ndnis der Welt zu erweitern. Aber auch aus volkswirtschaftlicher Sicht haben gerade die Basiskompetenzen einen wesentlichen Einfluss\u2026","rel":"","context":"In &quot;Haushalt&quot;","block_context":{"text":"Haushalt","link":"https:\/\/mmmblog.de\/?cat=605"},"img":{"alt_text":"","src":"https:\/\/i0.wp.com\/mmmblog.de\/wp-content\/uploads\/2025\/12\/485705_web_R_by_Traumwelten_pixelio.de_.jpg?resize=350%2C200&ssl=1","width":350,"height":200},"classes":[]},{"id":1743,"url":"https:\/\/mmmblog.de\/?p=1743","url_meta":{"origin":3645,"position":4},"title":"Risikoaufschl\u00e4ge, risikolos","author":"rolf","date":"17. November 2010","format":false,"excerpt":".Ach ja, nun haben wir sie: Die Neuauflage der Euro-Krise. Nach Griechenland ist nun also auch Irland in die Schusslinie der Finanzm\u00e4rkte geraten. Die Euro-L\u00e4nder bzw. deren Steuerzahler werden einspringen m\u00fcssen. Diese Hilfen beenden aber die Krise nicht, solange es keine Insolvenzordnung f\u00fcr die EU-Staaten gibt.","rel":"","context":"In &quot;M\u00e4rkte&quot;","block_context":{"text":"M\u00e4rkte","link":"https:\/\/mmmblog.de\/?cat=5"},"img":{"alt_text":"euroirland-300x216","src":"https:\/\/i0.wp.com\/mmmblog.de\/wp-content\/uploads\/2010\/11\/euroirland-300x216.jpg?resize=350%2C200","width":350,"height":200},"classes":[]},{"id":3575,"url":"https:\/\/mmmblog.de\/?p=3575","url_meta":{"origin":3645,"position":5},"title":"Sind die fetten Jahre vorbei?","author":"rolf","date":"9. Februar 2019","format":false,"excerpt":"Foto: Thommy Weiss \/ pixelio.de F\u00fcr viele Arbeitnehmer war 2018 ein gutes Jahr, schreibt die gewerkschaftsnahe Hans-B\u00f6ckler-Stiftung in ihrer neuesten Tarifbilanz f\u00fcr das Jahr 2018. Demnach sind die Tarifl\u00f6hne- und -geh\u00e4lter im vergangenen Jahr im Schnitt um 3,0 Prozent gestiegen. Zieht man von diesem Zuwachs die Inflationsrate des vergangenen Jahres\u2026","rel":"","context":"In &quot;M\u00e4rkte&quot;","block_context":{"text":"M\u00e4rkte","link":"https:\/\/mmmblog.de\/?cat=5"},"img":{"alt_text":"","src":"https:\/\/i0.wp.com\/mmmblog.de\/wp-content\/uploads\/2019\/02\/784929_original_R_by_fotoART-by-Thommy-Weiss_pixelio.de_.jpg?resize=350%2C200&ssl=1","width":350,"height":200,"srcset":"https:\/\/i0.wp.com\/mmmblog.de\/wp-content\/uploads\/2019\/02\/784929_original_R_by_fotoART-by-Thommy-Weiss_pixelio.de_.jpg?resize=350%2C200&ssl=1 1x, https:\/\/i0.wp.com\/mmmblog.de\/wp-content\/uploads\/2019\/02\/784929_original_R_by_fotoART-by-Thommy-Weiss_pixelio.de_.jpg?resize=525%2C300&ssl=1 1.5x, https:\/\/i0.wp.com\/mmmblog.de\/wp-content\/uploads\/2019\/02\/784929_original_R_by_fotoART-by-Thommy-Weiss_pixelio.de_.jpg?resize=700%2C400&ssl=1 2x, https:\/\/i0.wp.com\/mmmblog.de\/wp-content\/uploads\/2019\/02\/784929_original_R_by_fotoART-by-Thommy-Weiss_pixelio.de_.jpg?resize=1050%2C600&ssl=1 3x"},"classes":[]}],"_links":{"self":[{"href":"https:\/\/mmmblog.de\/index.php?rest_route=\/wp\/v2\/posts\/3645","targetHints":{"allow":["GET"]}}],"collection":[{"href":"https:\/\/mmmblog.de\/index.php?rest_route=\/wp\/v2\/posts"}],"about":[{"href":"https:\/\/mmmblog.de\/index.php?rest_route=\/wp\/v2\/types\/post"}],"author":[{"embeddable":true,"href":"https:\/\/mmmblog.de\/index.php?rest_route=\/wp\/v2\/users\/2"}],"replies":[{"embeddable":true,"href":"https:\/\/mmmblog.de\/index.php?rest_route=%2Fwp%2Fv2%2Fcomments&post=3645"}],"version-history":[{"count":0,"href":"https:\/\/mmmblog.de\/index.php?rest_route=\/wp\/v2\/posts\/3645\/revisions"}],"wp:attachment":[{"href":"https:\/\/mmmblog.de\/index.php?rest_route=%2Fwp%2Fv2%2Fmedia&parent=3645"}],"wp:term":[{"taxonomy":"category","embeddable":true,"href":"https:\/\/mmmblog.de\/index.php?rest_route=%2Fwp%2Fv2%2Fcategories&post=3645"},{"taxonomy":"post_tag","embeddable":true,"href":"https:\/\/mmmblog.de\/index.php?rest_route=%2Fwp%2Fv2%2Ftags&post=3645"}],"curies":[{"name":"wp","href":"https:\/\/api.w.org\/{rel}","templated":true}]}}