{"id":3812,"date":"2019-09-06T20:38:37","date_gmt":"2019-09-06T18:38:37","guid":{"rendered":"http:\/\/mmmblog.de\/?p=3812"},"modified":"2019-09-06T20:38:37","modified_gmt":"2019-09-06T18:38:37","slug":"der-neue-hass-aufs-auto","status":"publish","type":"post","link":"https:\/\/mmmblog.de\/?p=3812","title":{"rendered":"Der neue Hass aufs Auto"},"content":{"rendered":"<figure id=\"attachment_3813\" aria-describedby=\"caption-attachment-3813\" style=\"width: 400px\" class=\"wp-caption alignleft\"><img data-recalc-dims=\"1\" loading=\"lazy\" decoding=\"async\" class=\" wp-image-3813\" src=\"https:\/\/i0.wp.com\/mmmblog.de\/wp-content\/uploads\/2019\/09\/182828_web_R_by_O.-Fischer_pixelio.de_.jpg?resize=400%2C569&#038;ssl=1\" alt=\"\" width=\"400\" height=\"569\" srcset=\"https:\/\/i0.wp.com\/mmmblog.de\/wp-content\/uploads\/2019\/09\/182828_web_R_by_O.-Fischer_pixelio.de_.jpg?w=281&amp;ssl=1 281w, https:\/\/i0.wp.com\/mmmblog.de\/wp-content\/uploads\/2019\/09\/182828_web_R_by_O.-Fischer_pixelio.de_.jpg?resize=211%2C300&amp;ssl=1 211w\" sizes=\"auto, (max-width: 400px) 100vw, 400px\" \/><figcaption id=\"caption-attachment-3813\" class=\"wp-caption-text\">Foto: O. Fischer \/ pixelio.de<\/figcaption><\/figure>\n<p><strong>Wenn die d\u00fcster dr\u00e4uenden Ahnungen der Frankfurter Allgemeinen Sonntagszeitung (FAS) wahr werden, dann waren die Ausschreitungen beim G8-Gipfel in Hamburg ein Spaziergang gegen das, was der am Montag (09.09.19) beginnenden Internationalen Automobilausstellung IAA in Frankfurt bevorsteht. Die Polizei und Veranstalter r\u00fcsten sich jedenfalls f\u00fcr Szenarien zwischen friedlicher Fahrrad-Demo und harter Randale.<\/strong><\/p>\n<p>Einen m\u00f6glichen Vorgeschmack gab es Ende Juli auf dem Gel\u00e4nde eines Autohauses im Frankfurter Nobel-Vorort Kronberg. Etwa zehn maskierte T\u00e4ter schlugen nachts auf abgestellte Jaguars, Land-Rover und andere Nobelkarossen ein, besch\u00e4digten \u00fcber 40 Fahrzeuge und richteten laut Polizei einen Schaden weit jenseits von 100.000 Euro an. Im Internet verwies eine Gruppe &#8222;Steine ins Getriebe&#8220; auf die IAA. Es sei Zeit, &#8222;Fakten zu schaffen, diese Dreckschleudern zu entsorgen und so viele Luxuskarren wie m\u00f6glich kaputtzuschlagen.&#8220;<\/p>\n<p>Als ich das meiner Frau erz\u00e4hle &#8211; nein, sie stand entgegen dem Klischee nicht in der K\u00fcche, sondern sonnte sich auf der Terrasse &#8211; kam die kurze Replik: &#8222;Wird vermutlich bald h\u00e4rter bestraft als Kindesmissbrauch.&#8220; Eine Polemik, die ich nat\u00fcrlich mit Abscheu und Emp\u00f6rung von mir weise.<br \/>\n&#8222;Der neue Hass auf das Auto&#8220; \u00fcberschreiben die FAS-Autoren Anna Steiner und Georg Meck ihren Artikel, und sie pr\u00e4sentieren noch einen Fall: In K\u00f6ln-Ehrenfeld h\u00e4tten erst im Juni Brandstifter aus der linksautonomen Szene &#8222;vier backfrische Porsche Cayenne&#8220; abgefackelt, wie sie sp\u00e4ter im Internet schreiben.<\/p>\n<p>Der Branchenverband VDA (Verband der Automobilindustrie) gibt sich jedenfalls seit dem Diesel-Skandal recht kleinlaut und will mit Diskussionsveranstaltungen am 5. und 13. September in Berlin und Frankfurt &#8222;mit ihren Kritikern ins Gespr\u00e4ch kommen.&#8220; &#8222;Brauchen wir das Automobil \u00fcberhaupt noch?&#8220; &#8211; das ist ein Motto, das noch vor einer Dekade undenkbar gewesen w\u00e4re.<!--more--><\/p>\n<p>Zum ersten Publikumswochenende der Autoschau am 14.\/15. September sind vor den Toren der IAA in Frankfurt Demonstrationen und Blockadeaktionen angek\u00fcndigt. Umweltverb\u00e4nde und die Klimaschutzbewegung &#8222;Fridays for Future&#8220; fordern ein sofortiges Ende von Kraftstoffmotoren, um die klimasch\u00e4dlichen Kohlendioxidemissionen (CO2) zu senken.<\/p>\n<p>Sch\u00e4rfere Klimaschutzvorschriften h\u00e4lt der VDA indes nicht f\u00fcr notwendig. Man m\u00fcsse &#8222;nichts Neues erfinden, sondern das Geplante umsetzen&#8220;, sagt der VDA. Die deutschen Hersteller wollten ihr Angebot an Elektroautos bis 2023 auf 150 Modelle zu verf\u00fcnffachen. Autobauer und Zulieferer investierten in den kommenden drei Jahren 40 Milliarden Euro in die Elektromobilit\u00e4t, sagt der VDA. Jetzt m\u00fcssten die Ladestationen z\u00fcgig errichtet werden.<\/p>\n<p>Die IAA wird nicht nur von Klimasch\u00fctzern angefeindet, sie ringt auch um ihre Zukunft. Die Zahl der Aussteller sinkt um rund 20 Prozent auf 800, auch die Ausstellungsfl\u00e4che schrumpft. Immer mehr Autobauer fragen sich, ob sie auf Messen \u00fcberhaupt noch ihre Kunden erreichen. Viele verlagern sich auf andere Messen wie die gr\u00f6\u00dfte Show f\u00fcr Unterhaltungselektronik CES in Las Vegas oder die Mobilfunkmesse &#8222;Mobile World Congress&#8220; in Barcelona.<\/p>\n<p>Mehrere gro\u00dfe Hersteller aus dem Ausland &#8211; darunter der Volkswagen-Rivale Toyota,<br \/>\nFrankreichs Nummer eins Renault oder der kriselnde italienisch-amerikanische Konzern Fiat Chrysler &#8211; sind auf der IAA gar nicht oder zumindest ohne Ausstellungsfl\u00e4che<br \/>\ndabei. Der IAA-Veranstalter VDA will sich mit neuen Konzepten gegen den Bedeutungsverlust stemmen. Die Messe soll nicht mehr nur als Autoausstellung dienen, sondern als Plattform zum Austausch der Branche und mehr Unterhaltung bieten.<\/p>\n<p>Andererseits haben viele Gruppierungen zum friedlichen Protest gegen die Autoschau ausgerufen &#8211; unter anderem Greenpeace, der Verkehrsclub VCD und der Fahrradverband ADFC. Die Beh\u00f6rden halten sich bislang bedeckt, ob sie mit gr\u00f6\u00dferen Angriffen militanter Gruppen rechnen. Die Polizei werde entsprechend stark vor Ort sein, sagt ein Sprecher. Konkrete Hinweise auf geplante Gewalttaten liegen bislang nicht vor, hei\u00dft es.<\/p>\n<p><strong>\u00c4ltere Beitr\u00e4ge:<\/strong><\/p>\n","protected":false},"excerpt":{"rendered":"<p>Wenn die d\u00fcster dr\u00e4uenden Ahnungen der Frankfurter Allgemeinen Sonntagszeitung (FAS) wahr werden, dann waren die Ausschreitungen beim G8-Gipfel in Hamburg ein Spaziergang gegen das, was der am Montag (09.09.19) beginnenden Internationalen Automobilausstellung IAA in Frankfurt bevorsteht. Die Polizei und Veranstalter r\u00fcsten sich jedenfalls f\u00fcr Szenarien zwischen friedlicher Fahrrad-Demo und harter Randale. Einen m\u00f6glichen Vorgeschmack gab&hellip; <a class=\"more-link\" href=\"https:\/\/mmmblog.de\/?p=3812\">Continue reading &rarr;<\/a><\/p>\n","protected":false},"author":2,"featured_media":0,"comment_status":"open","ping_status":"closed","sticky":false,"template":"","format":"standard","meta":{"advanced_seo_description":"","jetpack_seo_html_title":"","jetpack_seo_noindex":false,"jetpack_post_was_ever_published":false,"_jetpack_newsletter_access":"","_jetpack_dont_email_post_to_subs":false,"_jetpack_newsletter_tier_id":0,"_jetpack_memberships_contains_paywalled_content":false,"_jetpack_memberships_contains_paid_content":false,"footnotes":"","jetpack_publicize_message":"","jetpack_publicize_feature_enabled":true,"jetpack_social_post_already_shared":true,"jetpack_social_options":{"image_generator_settings":{"template":"highway","default_image_id":0,"font":"","enabled":false},"version":2}},"categories":[4,5,6,7,604,13],"tags":[660,565,658,656,657,659,661],"class_list":["post-3812","post","type-post","status-publish","format-standard","hentry","category-manager-und-ethik","category-markte","category-medien","category-moneten","category-wirtschaft","category-zettelkasten","tag-autobauer","tag-automobilindustrie","tag-elektromobilitaet","tag-iaa","tag-klimaschutz","tag-suvs","tag-vda"],"jetpack_publicize_connections":[],"jetpack_featured_media_url":"","jetpack_sharing_enabled":true,"jetpack_shortlink":"https:\/\/wp.me\/paO4gW-Zu","jetpack_likes_enabled":true,"jetpack-related-posts":[{"id":3796,"url":"https:\/\/mmmblog.de\/?p=3796","url_meta":{"origin":3812,"position":0},"title":"EZB: Euro-Banken leiden immer noch","author":"rolf","date":"28. August 2019","format":false,"excerpt":"Die Banken in der Eurozone sitzen als Folge der globalen Finanzkrise des Jahres 2008 immer noch auf faulen Krediten in H\u00f6he von rund 580 Milliarden Euro. \"Der Anteil der faulen Kredite am Gesamtvolumen ist im Euroraum immer noch deutlich h\u00f6her als beispielsweise in den USA oder Japan\", sagte der Chef\u2026","rel":"","context":"In &quot;Manager und Ethik&quot;","block_context":{"text":"Manager und Ethik","link":"https:\/\/mmmblog.de\/?cat=4"},"img":{"alt_text":"","src":"https:\/\/i0.wp.com\/mmmblog.de\/wp-content\/uploads\/2019\/08\/box-1.jpg?resize=350%2C200","width":350,"height":200},"classes":[]},{"id":600,"url":"https:\/\/mmmblog.de\/?p=600","url_meta":{"origin":3812,"position":1},"title":"Quo vadis DW?","author":"rolf","date":"28. November 2008","format":false,"excerpt":"Der Fall Danhong Zhang scheint ausgestanden, die Kampagne hat sich offensichtlich totgelaufen. Nun macht DW-Intendant Erik Bettermann ein - f\u00fcr Au\u00dfenstehende - neues Fass auf, wie man es jetzt in der Frankfurter Allgemeinen nachlesen kann. Dazu l\u00e4gen mir einige Bemerkungen auf der Zunge. Aber ich darf mich aus verst\u00e4ndlichen Gr\u00fcnden\u2026","rel":"","context":"In &quot;M\u00e4rkte&quot;","block_context":{"text":"M\u00e4rkte","link":"https:\/\/mmmblog.de\/?cat=5"},"img":{"alt_text":"","src":"","width":0,"height":0},"classes":[]},{"id":3892,"url":"https:\/\/mmmblog.de\/?p=3892","url_meta":{"origin":3812,"position":2},"title":"Schrecken an der B\u00f6rse","author":"rolf","date":"28. Februar 2020","format":false,"excerpt":"Deutschland bleibt ein Land der Aktienmuffel. Nachdem die Zahl der Aktienbesitzer zwei aufeinanderfolgende Jahre gestiegen ist, hat das Deutsche Aktieninstitut 2019 wieder sinkende Anlegerzahlen registriert. \u00a0 \u00a0 \u00a0 \u00a0 F\u00fcr Anleger war die vergangene Woche die schw\u00e4rzeste seit Beginn der weltweiten Finanzkrise im Jahr 2008. Der Kursrutsch an den B\u00f6rsen\u2026","rel":"","context":"In &quot;Manager und Ethik&quot;","block_context":{"text":"Manager und Ethik","link":"https:\/\/mmmblog.de\/?cat=4"},"img":{"alt_text":"","src":"https:\/\/i0.wp.com\/mmmblog.de\/wp-content\/uploads\/2020\/02\/310691_web_R_B_by_Cornerstone_pixelio.de_.jpg?resize=350%2C200","width":350,"height":200},"classes":[]},{"id":682,"url":"https:\/\/mmmblog.de\/?p=682","url_meta":{"origin":3812,"position":3},"title":"Das gro\u00dfe Wunschkonzert","author":"rolf","date":"7. Januar 2009","format":false,"excerpt":"Die Spitzen der gro\u00dfen Koalition haben am Montag \u00fcber ein zweites Konjunkturpaket beraten. Es soll auf zwei Jahre angelegt sein und einen Umfang von rund 50 Milliarden Euro haben, erkl\u00e4rten die Fraktionschefs von Union und SPD, Volker Kauder und Peter Struck nach \u00fcber f\u00fcnfst\u00fcndigen Verhandlungen im Berliner Kanzleramt. Ein wenig\u2026","rel":"","context":"In &quot;M\u00e4rkte&quot;","block_context":{"text":"M\u00e4rkte","link":"https:\/\/mmmblog.de\/?cat=5"},"img":{"alt_text":"","src":"","width":0,"height":0},"classes":[]},{"id":3645,"url":"https:\/\/mmmblog.de\/?p=3645","url_meta":{"origin":3812,"position":4},"title":"Die fetten Jahre und die schwarze Null","author":"rolf","date":"22. Februar 2019","format":false,"excerpt":"Der Staat hat im vergangenen Jahr dank hoher Steuereinnahmen einen Rekord\u00fcberschuss von 58 Milliarden Euro erzielt. Das hat das Statistische Bundesamt am Freitag in Wiesbaden mitgeteilt - und damit fr\u00fchere Angaben leicht nach unten korrigiert. Demnach nahm die \u00d6ffentliche Hand (Bund, L\u00e4nder, Gemeinden und Sozialkassen) 1,543 Billionen Euro ein und\u2026","rel":"","context":"In &quot;M\u00e4rkte&quot;","block_context":{"text":"M\u00e4rkte","link":"https:\/\/mmmblog.de\/?cat=5"},"img":{"alt_text":"","src":"https:\/\/i0.wp.com\/mmmblog.de\/wp-content\/uploads\/2019\/02\/216570_original_R_B_by_J%C3%BCrgen-Nie%C3%9Fen_pixelio.de_.jpg?resize=350%2C200","width":350,"height":200},"classes":[]},{"id":9567,"url":"https:\/\/mmmblog.de\/?p=9567","url_meta":{"origin":3812,"position":5},"title":"Milliardenparty f\u00fcr die falschen Ziele?","author":"rolf","date":"12. M\u00e4rz 2025","format":false,"excerpt":"Trotz maroder Br\u00fccken, Schienen, Stra\u00dfen, Schulen: Eine nicht geringe Anzahl f\u00fchrender \u00d6konomen h\u00e4lt neue Schulden f\u00fcr die Infrastruktur nicht f\u00fcr das wichtigste Ziel in der neuen Legislaturperiode. \u201eMassive Schulden f\u00fcr Investitionen in die Infrastruktur, wie sie gegenw\u00e4rtig von Union und SPD vorgesehen sind, z\u00e4hlen nicht zu den wichtigsten Reformthemen der\u2026","rel":"","context":"In &quot;Haushalt&quot;","block_context":{"text":"Haushalt","link":"https:\/\/mmmblog.de\/?cat=605"},"img":{"alt_text":"","src":"https:\/\/i0.wp.com\/mmmblog.de\/wp-content\/uploads\/2020\/02\/674279_web_R_K_B_by_uschi-dreiucker_pixelio.de_.jpg?resize=350%2C200&ssl=1","width":350,"height":200},"classes":[]}],"_links":{"self":[{"href":"https:\/\/mmmblog.de\/index.php?rest_route=\/wp\/v2\/posts\/3812","targetHints":{"allow":["GET"]}}],"collection":[{"href":"https:\/\/mmmblog.de\/index.php?rest_route=\/wp\/v2\/posts"}],"about":[{"href":"https:\/\/mmmblog.de\/index.php?rest_route=\/wp\/v2\/types\/post"}],"author":[{"embeddable":true,"href":"https:\/\/mmmblog.de\/index.php?rest_route=\/wp\/v2\/users\/2"}],"replies":[{"embeddable":true,"href":"https:\/\/mmmblog.de\/index.php?rest_route=%2Fwp%2Fv2%2Fcomments&post=3812"}],"version-history":[{"count":0,"href":"https:\/\/mmmblog.de\/index.php?rest_route=\/wp\/v2\/posts\/3812\/revisions"}],"wp:attachment":[{"href":"https:\/\/mmmblog.de\/index.php?rest_route=%2Fwp%2Fv2%2Fmedia&parent=3812"}],"wp:term":[{"taxonomy":"category","embeddable":true,"href":"https:\/\/mmmblog.de\/index.php?rest_route=%2Fwp%2Fv2%2Fcategories&post=3812"},{"taxonomy":"post_tag","embeddable":true,"href":"https:\/\/mmmblog.de\/index.php?rest_route=%2Fwp%2Fv2%2Ftags&post=3812"}],"curies":[{"name":"wp","href":"https:\/\/api.w.org\/{rel}","templated":true}]}}