{"id":3836,"date":"2019-10-21T16:16:22","date_gmt":"2019-10-21T14:16:22","guid":{"rendered":"http:\/\/mmmblog.de\/?p=3836"},"modified":"2019-10-21T16:16:22","modified_gmt":"2019-10-21T14:16:22","slug":"kommt-bald-die-rente-mit-70","status":"publish","type":"post","link":"https:\/\/mmmblog.de\/?p=3836","title":{"rendered":"Kommt bald die Rente mit 70?"},"content":{"rendered":"<figure id=\"attachment_3837\" aria-describedby=\"caption-attachment-3837\" style=\"width: 400px\" class=\"wp-caption alignleft\"><img data-recalc-dims=\"1\" loading=\"lazy\" decoding=\"async\" class=\"size-full wp-image-3837\" src=\"https:\/\/i0.wp.com\/mmmblog.de\/wp-content\/uploads\/2019\/10\/95072_web_R_by_matchka_pixelio.de_.jpg?resize=400%2C300&#038;ssl=1\" alt=\"\" width=\"400\" height=\"300\" srcset=\"https:\/\/i0.wp.com\/mmmblog.de\/wp-content\/uploads\/2019\/10\/95072_web_R_by_matchka_pixelio.de_.jpg?w=400&amp;ssl=1 400w, https:\/\/i0.wp.com\/mmmblog.de\/wp-content\/uploads\/2019\/10\/95072_web_R_by_matchka_pixelio.de_.jpg?resize=300%2C225&amp;ssl=1 300w\" sizes=\"auto, (max-width: 400px) 100vw, 400px\" \/><figcaption id=\"caption-attachment-3837\" class=\"wp-caption-text\">Foto: matchka \/ pixelio.de<\/figcaption><\/figure>\n<p><strong>Die Bundesbank mischt sich in die Diskussion um eine Reform der Rentenversicherung ein und schl\u00e4gt langfristig eine Anhebung des Rentenalters auf mehr als 69 Jahre vor. So soll verhindert werden, dass das Rentenniveau k\u00fcnftig zu tief absinkt. Zudem lie\u00dfe sich so die Dauer des Rentenbezugs weitgehend stabil halten, schreibt die Bundesbank in ihrem neuesten Monatsbericht (10\/2019).<\/strong><\/p>\n<p>&nbsp;<\/p>\n<p>&nbsp;<\/p>\n<p>Konkret empfehlen die Frankfurter W\u00e4hrungsh\u00fcter, das Renteneintrittsalter mit der steigenden Lebenserwartung schrittweise zu erh\u00f6hen, und zwar bis zum Jahr 2070. &#8222;Die zunehmende Lebenszeit w\u00e4re dann mit einer l\u00e4ngeren Erwerbsphase verbunden, aber auch die Zeit des Rentenbezugs w\u00fcrde wachsen.&#8220; Nach den Bundesbank-Vorschlag w\u00fcrden im Jahre 2001 Geborene dann 2070 erst mit 69 Jahren und vier Monaten in Rente gehen.\u00a0Derzeit ist geplant, dass das gesetzliche Rentenalter bis 2031 auf 67 Jahre steigt.<\/p>\n<p>Die offiziellen Vorausberechnungen f\u00fcr die Rente enden im Jahre 2032.\u00a0 Doch die Lebenserwartung ist zuletzt immer st\u00e4rker gestiegen und wird Sch\u00e4tzungen zufolge k\u00fcnftig weiter zunehmen. Das setzt nach Berechnungen der Bundesbank die Finanzen der gesetzlichen Rentenversicherung unter Druck. Die W\u00e4hrungsh\u00fcter sehen deshalb Reformbedarf: &#8222;Andernfalls steigen die Ausgaben auf Dauer deutlich st\u00e4rker als die Einnahmen&#8220;, warnen sie.<\/p>\n<p>Der Vorschlag der Bundesbank sieht vor, dass das gesetzliche Rentenalter ab 2032 um durchschnittlich einen dreiviertel Monat pro Jahr steigt. Versicherte w\u00fcrden k\u00fcnftig dann zwar l\u00e4nger arbeiten m\u00fcssen &#8211; und somit mehr in die Rentenversicherung einzahlen. Sie w\u00fcrden aber auch l\u00e4nger Rente beziehen. &#8222;Sie w\u00fcrden hinsichtlich der Relation von Renten- zu Beitragsphase<br \/>\nalso nicht schlechter gestellt&#8220;, unterstreicht die Bundesbank.<\/p>\n<p>Die schrittweise Erh\u00f6hung des Renteneintrittsalters w\u00fcrde der Notenbank zufolge auch dazu beitragen, dass das Rentenniveau langfristig nicht zu stark absinkt. Dabei wird berechnet,\u00a0 wie viel<br \/>\neine durchschnittliche Rente wert ist im Vergleich zu einem Durchschnittseinkommen. Derzeit liegt das Rentenniveau bei rund 48 Prozent. Mit der Erh\u00f6hung des Rentenalters w\u00fcrde es bis 2070<br \/>\nlaut Bundesbank-Berechnungen auf rund 43 Prozent sinken und sich bei 44 Prozent stabilisieren. Zum Vergleich: Ohne diese \u00c4nderungen w\u00fcrde das Rentenniveau bis 2070 auf rund 40 Prozent<br \/>\nschrumpfen.<\/p>\n<p>Der Teil des Monatsberichts Oktober 2019, der sich mit den langfristigen Perspektiven der Rentenversicherung besch\u00e4ftigt, <a href=\"https:\/\/www.bundesbank.de\/resource\/blob\/811952\/dacd4c189414bf6afd2ad73c3340edc7\/mL\/2019-10-rentenversicherung-data.pdf\">kann hier als PDF heruntergeladen werden<\/a>.<\/p>\n","protected":false},"excerpt":{"rendered":"<p>Die Bundesbank mischt sich in die Diskussion um eine Reform der Rentenversicherung ein und schl\u00e4gt langfristig eine Anhebung des Rentenalters auf mehr als 69 Jahre vor. So soll verhindert werden, dass das Rentenniveau k\u00fcnftig zu tief absinkt. Zudem lie\u00dfe sich so die Dauer des Rentenbezugs weitgehend stabil halten, schreibt die Bundesbank in ihrem neuesten Monatsbericht&hellip; <a class=\"more-link\" href=\"https:\/\/mmmblog.de\/?p=3836\">Continue reading &rarr;<\/a><\/p>\n","protected":false},"author":2,"featured_media":0,"comment_status":"open","ping_status":"closed","sticky":false,"template":"","format":"standard","meta":{"advanced_seo_description":"","jetpack_seo_html_title":"","jetpack_seo_noindex":false,"jetpack_post_was_ever_published":false,"_jetpack_newsletter_access":"","_jetpack_dont_email_post_to_subs":false,"_jetpack_newsletter_tier_id":0,"_jetpack_memberships_contains_paywalled_content":false,"_jetpack_memberships_contains_paid_content":false,"footnotes":"","jetpack_publicize_message":"","jetpack_publicize_feature_enabled":true,"jetpack_social_post_already_shared":true,"jetpack_social_options":{"image_generator_settings":{"template":"highway","default_image_id":0,"font":"","enabled":false},"version":2}},"categories":[7,604,13],"tags":[677,507,673,675,678,674,676],"class_list":["post-3836","post","type-post","status-publish","format-standard","hentry","category-moneten","category-wirtschaft","category-zettelkasten","tag-beitragsphase","tag-bundesbank","tag-rente","tag-rentendiskussion","tag-renteneintrittsalter","tag-rentenniveau","tag-rentenphase"],"jetpack_publicize_connections":[],"jetpack_featured_media_url":"","jetpack_sharing_enabled":true,"jetpack_shortlink":"https:\/\/wp.me\/paO4gW-ZS","jetpack_likes_enabled":true,"jetpack-related-posts":[{"id":3885,"url":"https:\/\/mmmblog.de\/?p=3885","url_meta":{"origin":3836,"position":0},"title":"Die Rentenl\u00fccke wird gr\u00f6\u00dfer","author":"rolf","date":"13. Februar 2020","format":false,"excerpt":"Wer in Rente geht, hat heutzutage gemischte Gef\u00fchle. Einerseits die Erleichterung: Es ist geschafft. Andererseits die Frage: Kann ich meinen Lebensstandard halten? \u00d6konomen sagen: Viele Neurentner m\u00fcssen den G\u00fcrtel enger schnallen. Das Deutsche Institut f\u00fcr Wirtschaftsforschung (DIW) in Berlin ist in einer Studie der Frage nachgegangen, inwieweit die drei S\u00e4ulen\u2026","rel":"","context":"In &quot;Moneten&quot;","block_context":{"text":"Moneten","link":"https:\/\/mmmblog.de\/?cat=7"},"img":{"alt_text":"","src":"https:\/\/i0.wp.com\/mmmblog.de\/wp-content\/uploads\/2020\/02\/674279_web_R_K_B_by_uschi-dreiucker_pixelio.de_.jpg?resize=350%2C200","width":350,"height":200},"classes":[]},{"id":9567,"url":"https:\/\/mmmblog.de\/?p=9567","url_meta":{"origin":3836,"position":1},"title":"Milliardenparty f\u00fcr die falschen Ziele?","author":"rolf","date":"12. M\u00e4rz 2025","format":false,"excerpt":"Trotz maroder Br\u00fccken, Schienen, Stra\u00dfen, Schulen: Eine nicht geringe Anzahl f\u00fchrender \u00d6konomen h\u00e4lt neue Schulden f\u00fcr die Infrastruktur nicht f\u00fcr das wichtigste Ziel in der neuen Legislaturperiode. \u201eMassive Schulden f\u00fcr Investitionen in die Infrastruktur, wie sie gegenw\u00e4rtig von Union und SPD vorgesehen sind, z\u00e4hlen nicht zu den wichtigsten Reformthemen der\u2026","rel":"","context":"In &quot;Haushalt&quot;","block_context":{"text":"Haushalt","link":"https:\/\/mmmblog.de\/?cat=605"},"img":{"alt_text":"","src":"https:\/\/i0.wp.com\/mmmblog.de\/wp-content\/uploads\/2020\/02\/674279_web_R_K_B_by_uschi-dreiucker_pixelio.de_.jpg?resize=350%2C200&ssl=1","width":350,"height":200},"classes":[]},{"id":28757,"url":"https:\/\/mmmblog.de\/?p=28757","url_meta":{"origin":3836,"position":2},"title":"IW: Deutschland droht die Schrumpfung","author":"rolf","date":"16. April 2026","format":false,"excerpt":"In knapp 17 Jahren werden nur noch 81 Millionen Menschen in Deutschland leben. Das liegt vor allem an der sinkenden Zuwanderung, zeigt die neueste Bev\u00f6lkerungsprognose des arbeitgebernahen Instituts der deutschen Wirtschaft (IW) in K\u00f6ln. Deutschlands Bev\u00f6lkerung schrumpft bis 2045 um fast drei Prozent von jetzt rund 83,5 auf 81 Millionen.\u2026","rel":"","context":"In &quot;Zettelkasten&quot;","block_context":{"text":"Zettelkasten","link":"https:\/\/mmmblog.de\/?cat=13"},"img":{"alt_text":"","src":"https:\/\/i0.wp.com\/mmmblog.de\/wp-content\/uploads\/2026\/04\/bevlkerungsentwicklung-d.jpeg?resize=350%2C200&ssl=1","width":350,"height":200,"srcset":"https:\/\/i0.wp.com\/mmmblog.de\/wp-content\/uploads\/2026\/04\/bevlkerungsentwicklung-d.jpeg?resize=350%2C200&ssl=1 1x, https:\/\/i0.wp.com\/mmmblog.de\/wp-content\/uploads\/2026\/04\/bevlkerungsentwicklung-d.jpeg?resize=525%2C300&ssl=1 1.5x, https:\/\/i0.wp.com\/mmmblog.de\/wp-content\/uploads\/2026\/04\/bevlkerungsentwicklung-d.jpeg?resize=700%2C400&ssl=1 2x"},"classes":[]},{"id":28732,"url":"https:\/\/mmmblog.de\/?p=28732","url_meta":{"origin":3836,"position":3},"title":"Remigration k\u00f6nnen nur Idioten fordern","author":"rolf","date":"6. April 2026","format":false,"excerpt":"Rund 80 Prozent der in Deutschland lebenden Syrerinnen und Syrer sollen in ihr Heimatland zur\u00fcckkehren, so zitierte Friedrich Merz vor einigen Tagen den Wunsch des syrischen Pr\u00e4sidenten Ahmed al-Scharaa. Mehr als ein Jahrzehnt nach der gro\u00dfen Fluchtwelle h\u00e4tte eine R\u00fcckkehr im gro\u00dfen Stil allerdings Folgen f\u00fcr den deutschen Arbeitsmarkt, zeigen\u2026","rel":"","context":"In &quot;Wirtschaft&quot;","block_context":{"text":"Wirtschaft","link":"https:\/\/mmmblog.de\/?cat=604"},"img":{"alt_text":"","src":"https:\/\/i0.wp.com\/mmmblog.de\/wp-content\/uploads\/2026\/04\/324714_web_R_K_B_by_by-sassi_pixelio.de_.jpg?resize=350%2C200&ssl=1","width":350,"height":200},"classes":[]},{"id":3681,"url":"https:\/\/mmmblog.de\/?p=3681","url_meta":{"origin":3836,"position":4},"title":"Haushaltsspielraum &#8211; schon verspielt?","author":"rolf","date":"13. M\u00e4rz 2019","format":false,"excerpt":"Die Bundesregierung ist zu Zeit nicht nur dabei, die Vereinbarungen aus dem Koalitionsvertrag umzusetzen, sondern sie plant dar\u00fcber hinaus weitere Gesetzesvorhaben. Gleichzeitig l\u00e4sst aber das Wachstum der Steuereinnahmen nach. Die Mehrausgaben w\u00fcrden den Handlungsspielraum des Bundes bis 2022 um voraussichtlich mehr als 100 Milliarden Euro \u00fcberschreiten, hat der Finanz- und\u2026","rel":"","context":"In &quot;Haushalt&quot;","block_context":{"text":"Haushalt","link":"https:\/\/mmmblog.de\/?cat=605"},"img":{"alt_text":"","src":"https:\/\/i0.wp.com\/mmmblog.de\/wp-content\/uploads\/2019\/03\/309449_original_R_K_B_by_Frank-Ulbricht_pixelio.de_-232x300.jpg?resize=350%2C200","width":350,"height":200},"classes":[]},{"id":3365,"url":"https:\/\/mmmblog.de\/?p=3365","url_meta":{"origin":3836,"position":5},"title":"Wider den Exportwahn","author":"rolf","date":"12. August 2016","format":false,"excerpt":"Deutschlands Wirtschaft ist im ersten Halbjahr robuster als erwartet gewachsen. Trotzdem warnen erste Stimmen vor zu hohen L\u00f6hnen und nachlassender Wettbewerbsf\u00e4higkeit. Das ist \u00fcbertrieben, meine ich. Das Statistische Bundesamt hat am Freitag eine Zahl ver\u00f6ffentlicht, die Laien als mickerig empfinden m\u00f6gen, Fachleute aber durchaus verbl\u00fcfft: Das Bruttoinlandsprodukt ist im zweiten\u2026","rel":"","context":"In &quot;Manager und Ethik&quot;","block_context":{"text":"Manager und Ethik","link":"https:\/\/mmmblog.de\/?cat=4"},"img":{"alt_text":"Blauhelme_by_Rolf Wenkel_pixelio.de","src":"https:\/\/i0.wp.com\/mmmblog.de\/wp-content\/uploads\/2016\/08\/Blauhelme_by_Rolf-Wenkel_pixelio.de_.jpg?resize=350%2C200","width":350,"height":200},"classes":[]}],"_links":{"self":[{"href":"https:\/\/mmmblog.de\/index.php?rest_route=\/wp\/v2\/posts\/3836","targetHints":{"allow":["GET"]}}],"collection":[{"href":"https:\/\/mmmblog.de\/index.php?rest_route=\/wp\/v2\/posts"}],"about":[{"href":"https:\/\/mmmblog.de\/index.php?rest_route=\/wp\/v2\/types\/post"}],"author":[{"embeddable":true,"href":"https:\/\/mmmblog.de\/index.php?rest_route=\/wp\/v2\/users\/2"}],"replies":[{"embeddable":true,"href":"https:\/\/mmmblog.de\/index.php?rest_route=%2Fwp%2Fv2%2Fcomments&post=3836"}],"version-history":[{"count":0,"href":"https:\/\/mmmblog.de\/index.php?rest_route=\/wp\/v2\/posts\/3836\/revisions"}],"wp:attachment":[{"href":"https:\/\/mmmblog.de\/index.php?rest_route=%2Fwp%2Fv2%2Fmedia&parent=3836"}],"wp:term":[{"taxonomy":"category","embeddable":true,"href":"https:\/\/mmmblog.de\/index.php?rest_route=%2Fwp%2Fv2%2Fcategories&post=3836"},{"taxonomy":"post_tag","embeddable":true,"href":"https:\/\/mmmblog.de\/index.php?rest_route=%2Fwp%2Fv2%2Ftags&post=3836"}],"curies":[{"name":"wp","href":"https:\/\/api.w.org\/{rel}","templated":true}]}}